{"id":20534,"date":"2023-05-18T12:19:47","date_gmt":"2023-05-18T16:19:47","guid":{"rendered":"https:\/\/ediciones.uahurtado.cl\/?p=20534"},"modified":"2023-05-18T13:31:57","modified_gmt":"2023-05-18T17:31:57","slug":"launch-teach-and-learn-philosophy","status":"publish","type":"post","link":"https:\/\/ediciones.uahurtado.cl\/en\/lanzamiento-ensenar-y-aprender-filosofia\/","title":{"rendered":"Launch \/\/ Teaching and Learning Philosophy"},"content":{"rendered":"<p><span style=\"color: #00cc00;\"><strong>Thursday 05\/25 <\/strong><strong>\u2192\u00a0<\/strong><strong>18 hours. <\/strong><strong>Research Room Casa Esperanza \u2013 Almirante Barroso 10, Los H\u00e9roes metro.<\/strong><\/span><\/p>\n<p><em>\u00abTeaching and Learning Philosophy. Mar\u00eda Carolina Casanueva, Rosario Olivares, and Samuel Y\u00e1\u00f1ez (editors).<\/em><\/p>\n<p>This interesting presentation, along with its editors, will explore the role of philosophy education in secondary school concerning its meaning, contributions, necessity, current emphasis, and how its dialogical, questioning, and political nature is channeled in these times.<\/p>\n<p><span style=\"color: #00cc00;\"><strong>Panelists:<\/strong><\/span><\/p>\n<p><strong>Valentina Bulo Vargas. <\/strong>Academic and researcher IDEA-USACH.<\/p>\n<p><strong>Rosario Olivares. <\/strong>Philosophy Professor and Deputy Director of Gender Equality, Illustrious Municipality of Santiago, and editor of the book.<\/p>\n<p><strong>Juan Manuel Garrido. <\/strong>Doctor of Philosophy and UAH Academic.<\/p>\n<p><span style=\"color: #00cc00;\"><strong>Moderate:<\/strong><\/span><\/p>\n<p><strong>Samuel Y\u00e1\u00f1ez<\/strong>, Doctor of Philosophy and UAH academic.<\/p>\n<p><span style=\"color: #00cc00;\"><strong>\u2192 Learn about the book here<\/strong><\/span><\/p>\n<p><a href=\"https:\/\/ediciones.uahurtado.cl\/en\/product\/teaching-and-learning-philosophy\/\"><img decoding=\"async\" class=\"alignleft wp-image-18412\" title=\"Teaching-learning-philosophy web\" src=\"https:\/\/ediciones.uahurtado.cl\/wp-content\/uploads\/Ensenar-aprender-filosofia-web-320x494.jpg.webp\" alt=\"\" width=\"161\" height=\"248\" srcset=\"https:\/\/ediciones.uahurtado.cl\/wp-content\/uploads\/Ensenar-aprender-filosofia-web-320x494.jpg 320w, https:\/\/ediciones.uahurtado.cl\/wp-content\/uploads\/Ensenar-aprender-filosofia-web-300x463.jpg 300w, https:\/\/ediciones.uahurtado.cl\/wp-content\/uploads\/Ensenar-aprender-filosofia-web-64x99.jpg 64w, https:\/\/ediciones.uahurtado.cl\/wp-content\/uploads\/Ensenar-aprender-filosofia-web.jpg 389w\" sizes=\"(max-width: 161px) 100vw, 161px\" \/><\/a><\/p>","protected":false},"excerpt":{"rendered":"<p>Thursday 05\/25 \u2192 6 PM \u2192 Casa Esperanza Research Room \u2013 Almirante Barroso 10, Los H\u00e9roes metro. \u00abTeaching and Learning Philosophy. Mar\u00eda Carolina Casanueva, Rosario Olivares, and Samuel Y\u00e1\u00f1ez (editors).\u00bb Discussion around the place of philosophy teaching in secondary education, regarding its purpose, its contributions,...<\/p>","protected":false},"author":2900,"featured_media":20536,"comment_status":"closed","ping_status":"closed","sticky":false,"template":"","format":"standard","meta":{"_acf_changed":false,"footnotes":""},"categories":[92,94],"tags":[763,704,847],"class_list":["post-20534","post","type-post","status-publish","format-standard","has-post-thumbnail","hentry","category-conversatorio","category-lanzamientos","tag-critica","tag-educacion","tag-ensenar-filosofia"],"acf":[],"yoast_head":"<!-- This site is optimized with the Yoast SEO plugin v28.3 - https:\/\/yoast.com\/product\/yoast-seo-wordpress\/ -->\n<title>Lanzamiento \/\/ Ense\u00f1ar y aprender filosof\u00eda - Ediciones UAH<\/title>\n<meta name=\"robots\" content=\"index, follow, max-snippet:-1, max-image-preview:large, max-video-preview:-1\" \/>\n<link rel=\"canonical\" href=\"https:\/\/ediciones.uahurtado.cl\/en\/launch-teach-and-learn-philosophy\/\" \/>\n<meta property=\"og:locale\" content=\"en_US\" \/>\n<meta property=\"og:type\" content=\"article\" \/>\n<meta property=\"og:title\" content=\"Lanzamiento \/\/ Ense\u00f1ar y aprender filosof\u00eda - Ediciones UAH\" \/>\n<meta property=\"og:description\" content=\"Jueves 25\/05 \u2192\u00a018 hrs. \u2192 Sala de investigaci\u00f3n Casa Esperanza &#8211; Almirante Barroso 10, metro Los H\u00e9roes. \u00abEnse\u00f1ar y aprender filosof\u00eda. Mar\u00eda Carolina Casanueva, Rosario Olivares y Samuel Y\u00e1\u00f1ez (editores)\u00bb. Conversar en torno al lugar que ocupa la ense\u00f1anza de la filosof\u00eda en la educaci\u00f3n media respecto de qu\u00e9 sentido tiene, cu\u00e1les son sus aportes,...\" \/>\n<meta property=\"og:url\" content=\"https:\/\/ediciones.uahurtado.cl\/en\/launch-teach-and-learn-philosophy\/\" \/>\n<meta property=\"og:site_name\" content=\"Ediciones UAH\" \/>\n<meta property=\"article:publisher\" content=\"https:\/\/www.facebook.com\/edicionesuah?_rdc=2&amp;_rdr\" \/>\n<meta property=\"article:published_time\" content=\"2023-05-18T16:19:47+00:00\" \/>\n<meta property=\"article:modified_time\" content=\"2023-05-18T17:31:57+00:00\" \/>\n<meta property=\"og:image\" content=\"https:\/\/ediciones.uahurtado.cl\/wp-content\/uploads\/portada-lanzamiento-ensenar-filosofia.jpg\" \/>\n\t<meta property=\"og:image:width\" content=\"600\" \/>\n\t<meta property=\"og:image:height\" content=\"351\" \/>\n\t<meta property=\"og:image:type\" content=\"image\/jpeg\" \/>\n<meta name=\"author\" content=\"MABEL RIVERA\" \/>\n<meta name=\"twitter:card\" content=\"summary_large_image\" \/>\n<meta name=\"twitter:label1\" content=\"Written by\" \/>\n\t<meta name=\"twitter:data1\" content=\"MABEL RIVERA\" \/>\n\t<meta name=\"twitter:label2\" content=\"Est. reading time\" \/>\n\t<meta name=\"twitter:data2\" content=\"1 minute\" \/>\n<script type=\"application\/ld+json\" class=\"yoast-schema-graph\">{\"@context\":\"https:\\\/\\\/schema.org\",\"@graph\":[{\"@type\":\"Article\",\"@id\":\"https:\\\/\\\/ediciones.uahurtado.cl\\\/lanzamiento-ensenar-y-aprender-filosofia\\\/#article\",\"isPartOf\":{\"@id\":\"https:\\\/\\\/ediciones.uahurtado.cl\\\/lanzamiento-ensenar-y-aprender-filosofia\\\/\"},\"author\":{\"name\":\"MABEL RIVERA\",\"@id\":\"https:\\\/\\\/ediciones.uahurtado.cl\\\/#\\\/schema\\\/person\\\/8748691bfd41989e2cd5bdc2a089640b\"},\"headline\":\"Lanzamiento \\\/\\\/ Ense\u00f1ar y aprender filosof\u00eda\",\"datePublished\":\"2023-05-18T16:19:47+00:00\",\"dateModified\":\"2023-05-18T17:31:57+00:00\",\"mainEntityOfPage\":{\"@id\":\"https:\\\/\\\/ediciones.uahurtado.cl\\\/lanzamiento-ensenar-y-aprender-filosofia\\\/\"},\"wordCount\":170,\"publisher\":{\"@id\":\"https:\\\/\\\/ediciones.uahurtado.cl\\\/#organization\"},\"image\":{\"@id\":\"https:\\\/\\\/ediciones.uahurtado.cl\\\/lanzamiento-ensenar-y-aprender-filosofia\\\/#primaryimage\"},\"thumbnailUrl\":\"https:\\\/\\\/ediciones.uahurtado.cl\\\/wp-content\\\/uploads\\\/portada-lanzamiento-ensenar-filosofia.jpg\",\"keywords\":[\"critica\",\"educaci\u00f3n\",\"ense\u00f1ar filosof\u00eda\"],\"articleSection\":[\"Conversatorio\",\"Lanzamientos\"],\"inLanguage\":\"en-US\"},{\"@type\":\"WebPage\",\"@id\":\"https:\\\/\\\/ediciones.uahurtado.cl\\\/lanzamiento-ensenar-y-aprender-filosofia\\\/\",\"url\":\"https:\\\/\\\/ediciones.uahurtado.cl\\\/lanzamiento-ensenar-y-aprender-filosofia\\\/\",\"name\":\"Lanzamiento \\\/\\\/ Ense\u00f1ar y aprender filosof\u00eda - Ediciones UAH\",\"isPartOf\":{\"@id\":\"https:\\\/\\\/ediciones.uahurtado.cl\\\/#website\"},\"primaryImageOfPage\":{\"@id\":\"https:\\\/\\\/ediciones.uahurtado.cl\\\/lanzamiento-ensenar-y-aprender-filosofia\\\/#primaryimage\"},\"image\":{\"@id\":\"https:\\\/\\\/ediciones.uahurtado.cl\\\/lanzamiento-ensenar-y-aprender-filosofia\\\/#primaryimage\"},\"thumbnailUrl\":\"https:\\\/\\\/ediciones.uahurtado.cl\\\/wp-content\\\/uploads\\\/portada-lanzamiento-ensenar-filosofia.jpg\",\"datePublished\":\"2023-05-18T16:19:47+00:00\",\"dateModified\":\"2023-05-18T17:31:57+00:00\",\"breadcrumb\":{\"@id\":\"https:\\\/\\\/ediciones.uahurtado.cl\\\/lanzamiento-ensenar-y-aprender-filosofia\\\/#breadcrumb\"},\"inLanguage\":\"en-US\",\"potentialAction\":[{\"@type\":\"ReadAction\",\"target\":[\"https:\\\/\\\/ediciones.uahurtado.cl\\\/lanzamiento-ensenar-y-aprender-filosofia\\\/\"]}]},{\"@type\":\"ImageObject\",\"inLanguage\":\"en-US\",\"@id\":\"https:\\\/\\\/ediciones.uahurtado.cl\\\/lanzamiento-ensenar-y-aprender-filosofia\\\/#primaryimage\",\"url\":\"https:\\\/\\\/ediciones.uahurtado.cl\\\/wp-content\\\/uploads\\\/portada-lanzamiento-ensenar-filosofia.jpg\",\"contentUrl\":\"https:\\\/\\\/ediciones.uahurtado.cl\\\/wp-content\\\/uploads\\\/portada-lanzamiento-ensenar-filosofia.jpg\",\"width\":600,\"height\":351,\"caption\":\"Lanzamiento\"},{\"@type\":\"BreadcrumbList\",\"@id\":\"https:\\\/\\\/ediciones.uahurtado.cl\\\/lanzamiento-ensenar-y-aprender-filosofia\\\/#breadcrumb\",\"itemListElement\":[{\"@type\":\"ListItem\",\"position\":1,\"name\":\"Portada\",\"item\":\"https:\\\/\\\/ediciones.uahurtado.cl\\\/\"},{\"@type\":\"ListItem\",\"position\":2,\"name\":\"Lanzamiento \\\/\\\/ Ense\u00f1ar y aprender filosof\u00eda\"}]},{\"@type\":\"WebSite\",\"@id\":\"https:\\\/\\\/ediciones.uahurtado.cl\\\/#website\",\"url\":\"https:\\\/\\\/ediciones.uahurtado.cl\\\/\",\"name\":\"Ediciones UAH\",\"description\":\"Universidad Alberto Hurtado\",\"publisher\":{\"@id\":\"https:\\\/\\\/ediciones.uahurtado.cl\\\/#organization\"},\"potentialAction\":[{\"@type\":\"SearchAction\",\"target\":{\"@type\":\"EntryPoint\",\"urlTemplate\":\"https:\\\/\\\/ediciones.uahurtado.cl\\\/?s={search_term_string}\"},\"query-input\":{\"@type\":\"PropertyValueSpecification\",\"valueRequired\":true,\"valueName\":\"search_term_string\"}}],\"inLanguage\":\"en-US\"},{\"@type\":\"Organization\",\"@id\":\"https:\\\/\\\/ediciones.uahurtado.cl\\\/#organization\",\"name\":\"Ediciones UAH\",\"url\":\"https:\\\/\\\/ediciones.uahurtado.cl\\\/\",\"logo\":{\"@type\":\"ImageObject\",\"inLanguage\":\"en-US\",\"@id\":\"https:\\\/\\\/ediciones.uahurtado.cl\\\/#\\\/schema\\\/logo\\\/image\\\/\",\"url\":\"https:\\\/\\\/ediciones.uahurtado.cl\\\/wp-content\\\/uploads\\\/2022\\\/06\\\/logo-ediciones-UAH.png\",\"contentUrl\":\"https:\\\/\\\/ediciones.uahurtado.cl\\\/wp-content\\\/uploads\\\/2022\\\/06\\\/logo-ediciones-UAH.png\",\"width\":584,\"height\":128,\"caption\":\"Ediciones UAH\"},\"image\":{\"@id\":\"https:\\\/\\\/ediciones.uahurtado.cl\\\/#\\\/schema\\\/logo\\\/image\\\/\"},\"sameAs\":[\"https:\\\/\\\/www.facebook.com\\\/edicionesuah?_rdc=2&_rdr\"]},{\"@type\":\"Person\",\"@id\":\"https:\\\/\\\/ediciones.uahurtado.cl\\\/#\\\/schema\\\/person\\\/8748691bfd41989e2cd5bdc2a089640b\",\"name\":\"MABEL RIVERA\",\"url\":\"https:\\\/\\\/ediciones.uahurtado.cl\\\/en\\\/author\\\/admmabel\\\/\"}]}<\/script>\n<!-- \/ Yoast SEO plugin. -->","yoast_head_json":{"title":"Launch \/\/ Teaching and Learning Philosophy - UAH Editions","robots":{"index":"index","follow":"follow","max-snippet":"max-snippet:-1","max-image-preview":"max-image-preview:large","max-video-preview":"max-video-preview:-1"},"canonical":"https:\/\/ediciones.uahurtado.cl\/en\/launch-teach-and-learn-philosophy\/","og_locale":"en_US","og_type":"article","og_title":"Lanzamiento \/\/ Ense\u00f1ar y aprender filosof\u00eda - Ediciones UAH","og_description":"Jueves 25\/05 \u2192\u00a018 hrs. \u2192 Sala de investigaci\u00f3n Casa Esperanza &#8211; Almirante Barroso 10, metro Los H\u00e9roes. \u00abEnse\u00f1ar y aprender filosof\u00eda. Mar\u00eda Carolina Casanueva, Rosario Olivares y Samuel Y\u00e1\u00f1ez (editores)\u00bb. Conversar en torno al lugar que ocupa la ense\u00f1anza de la filosof\u00eda en la educaci\u00f3n media respecto de qu\u00e9 sentido tiene, cu\u00e1les son sus aportes,...","og_url":"https:\/\/ediciones.uahurtado.cl\/en\/launch-teach-and-learn-philosophy\/","og_site_name":"Ediciones UAH","article_publisher":"https:\/\/www.facebook.com\/edicionesuah?_rdc=2&_rdr","article_published_time":"2023-05-18T16:19:47+00:00","article_modified_time":"2023-05-18T17:31:57+00:00","og_image":[{"width":600,"height":351,"url":"https:\/\/ediciones.uahurtado.cl\/wp-content\/uploads\/portada-lanzamiento-ensenar-filosofia.jpg","type":"image\/jpeg"}],"author":"MABEL RIVERA","twitter_card":"summary_large_image","twitter_misc":{"Written by":"MABEL RIVERA","Est. reading time":"1 minute"},"schema":{"@context":"https:\/\/schema.org","@graph":[{"@type":"Article","@id":"https:\/\/ediciones.uahurtado.cl\/lanzamiento-ensenar-y-aprender-filosofia\/#article","isPartOf":{"@id":"https:\/\/ediciones.uahurtado.cl\/lanzamiento-ensenar-y-aprender-filosofia\/"},"author":{"name":"MABEL RIVERA","@id":"https:\/\/ediciones.uahurtado.cl\/#\/schema\/person\/8748691bfd41989e2cd5bdc2a089640b"},"headline":"Lanzamiento \/\/ Ense\u00f1ar y aprender filosof\u00eda","datePublished":"2023-05-18T16:19:47+00:00","dateModified":"2023-05-18T17:31:57+00:00","mainEntityOfPage":{"@id":"https:\/\/ediciones.uahurtado.cl\/lanzamiento-ensenar-y-aprender-filosofia\/"},"wordCount":170,"publisher":{"@id":"https:\/\/ediciones.uahurtado.cl\/#organization"},"image":{"@id":"https:\/\/ediciones.uahurtado.cl\/lanzamiento-ensenar-y-aprender-filosofia\/#primaryimage"},"thumbnailUrl":"https:\/\/ediciones.uahurtado.cl\/wp-content\/uploads\/portada-lanzamiento-ensenar-filosofia.jpg","keywords":["critica","educaci\u00f3n","ense\u00f1ar filosof\u00eda"],"articleSection":["Conversatorio","Lanzamientos"],"inLanguage":"en-US"},{"@type":"WebPage","@id":"https:\/\/ediciones.uahurtado.cl\/lanzamiento-ensenar-y-aprender-filosofia\/","url":"https:\/\/ediciones.uahurtado.cl\/lanzamiento-ensenar-y-aprender-filosofia\/","name":"Launch \/\/ Teaching and Learning Philosophy - UAH Editions","isPartOf":{"@id":"https:\/\/ediciones.uahurtado.cl\/#website"},"primaryImageOfPage":{"@id":"https:\/\/ediciones.uahurtado.cl\/lanzamiento-ensenar-y-aprender-filosofia\/#primaryimage"},"image":{"@id":"https:\/\/ediciones.uahurtado.cl\/lanzamiento-ensenar-y-aprender-filosofia\/#primaryimage"},"thumbnailUrl":"https:\/\/ediciones.uahurtado.cl\/wp-content\/uploads\/portada-lanzamiento-ensenar-filosofia.jpg","datePublished":"2023-05-18T16:19:47+00:00","dateModified":"2023-05-18T17:31:57+00:00","breadcrumb":{"@id":"https:\/\/ediciones.uahurtado.cl\/lanzamiento-ensenar-y-aprender-filosofia\/#breadcrumb"},"inLanguage":"en-US","potentialAction":[{"@type":"ReadAction","target":["https:\/\/ediciones.uahurtado.cl\/lanzamiento-ensenar-y-aprender-filosofia\/"]}]},{"@type":"ImageObject","inLanguage":"en-US","@id":"https:\/\/ediciones.uahurtado.cl\/lanzamiento-ensenar-y-aprender-filosofia\/#primaryimage","url":"https:\/\/ediciones.uahurtado.cl\/wp-content\/uploads\/portada-lanzamiento-ensenar-filosofia.jpg","contentUrl":"https:\/\/ediciones.uahurtado.cl\/wp-content\/uploads\/portada-lanzamiento-ensenar-filosofia.jpg","width":600,"height":351,"caption":"Lanzamiento"},{"@type":"BreadcrumbList","@id":"https:\/\/ediciones.uahurtado.cl\/lanzamiento-ensenar-y-aprender-filosofia\/#breadcrumb","itemListElement":[{"@type":"ListItem","position":1,"name":"Portada","item":"https:\/\/ediciones.uahurtado.cl\/"},{"@type":"ListItem","position":2,"name":"Lanzamiento \/\/ Ense\u00f1ar y aprender filosof\u00eda"}]},{"@type":"WebSite","@id":"https:\/\/ediciones.uahurtado.cl\/#website","url":"https:\/\/ediciones.uahurtado.cl\/","name":"UAH Editions","description":"Alberto Hurtado University","publisher":{"@id":"https:\/\/ediciones.uahurtado.cl\/#organization"},"potentialAction":[{"@type":"SearchAction","target":{"@type":"EntryPoint","urlTemplate":"https:\/\/ediciones.uahurtado.cl\/?s={search_term_string}"},"query-input":{"@type":"PropertyValueSpecification","valueRequired":true,"valueName":"search_term_string"}}],"inLanguage":"en-US"},{"@type":"Organization","@id":"https:\/\/ediciones.uahurtado.cl\/#organization","name":"UAH Editions","url":"https:\/\/ediciones.uahurtado.cl\/","logo":{"@type":"ImageObject","inLanguage":"en-US","@id":"https:\/\/ediciones.uahurtado.cl\/#\/schema\/logo\/image\/","url":"https:\/\/ediciones.uahurtado.cl\/wp-content\/uploads\/2022\/06\/logo-ediciones-UAH.png","contentUrl":"https:\/\/ediciones.uahurtado.cl\/wp-content\/uploads\/2022\/06\/logo-ediciones-UAH.png","width":584,"height":128,"caption":"Ediciones UAH"},"image":{"@id":"https:\/\/ediciones.uahurtado.cl\/#\/schema\/logo\/image\/"},"sameAs":["https:\/\/www.facebook.com\/edicionesuah?_rdc=2&_rdr"]},{"@type":"Person","@id":"https:\/\/ediciones.uahurtado.cl\/#\/schema\/person\/8748691bfd41989e2cd5bdc2a089640b","name":"Mabel Rivera","url":"https:\/\/ediciones.uahurtado.cl\/en\/author\/admmabel\/"}]}},"_links":{"self":[{"href":"https:\/\/ediciones.uahurtado.cl\/en\/wp-json\/wp\/v2\/posts\/20534","targetHints":{"allow":["GET"]}}],"collection":[{"href":"https:\/\/ediciones.uahurtado.cl\/en\/wp-json\/wp\/v2\/posts"}],"about":[{"href":"https:\/\/ediciones.uahurtado.cl\/en\/wp-json\/wp\/v2\/types\/post"}],"author":[{"embeddable":true,"href":"https:\/\/ediciones.uahurtado.cl\/en\/wp-json\/wp\/v2\/users\/2900"}],"replies":[{"embeddable":true,"href":"https:\/\/ediciones.uahurtado.cl\/en\/wp-json\/wp\/v2\/comments?post=20534"}],"version-history":[{"count":4,"href":"https:\/\/ediciones.uahurtado.cl\/en\/wp-json\/wp\/v2\/posts\/20534\/revisions"}],"predecessor-version":[{"id":20540,"href":"https:\/\/ediciones.uahurtado.cl\/en\/wp-json\/wp\/v2\/posts\/20534\/revisions\/20540"}],"wp:featuredmedia":[{"embeddable":true,"href":"https:\/\/ediciones.uahurtado.cl\/en\/wp-json\/wp\/v2\/media\/20536"}],"wp:attachment":[{"href":"https:\/\/ediciones.uahurtado.cl\/en\/wp-json\/wp\/v2\/media?parent=20534"}],"wp:term":[{"taxonomy":"category","embeddable":true,"href":"https:\/\/ediciones.uahurtado.cl\/en\/wp-json\/wp\/v2\/categories?post=20534"},{"taxonomy":"post_tag","embeddable":true,"href":"https:\/\/ediciones.uahurtado.cl\/en\/wp-json\/wp\/v2\/tags?post=20534"}],"curies":[{"name":"wp","href":"https:\/\/api.w.org\/{rel}","templated":true}]}}