{"id":21109,"date":"2023-08-03T11:23:36","date_gmt":"2023-08-03T15:23:36","guid":{"rendered":"https:\/\/ediciones.uahurtado.cl\/?p=21109"},"modified":"2023-08-11T11:08:38","modified_gmt":"2023-08-11T15:08:38","slug":"policarpo-ii-launch","status":"publish","type":"post","link":"https:\/\/ediciones.uahurtado.cl\/en\/lanzamiento-policarpo-ii\/","title":{"rendered":"Release \/ Policarpo II. Catholicism, Public Space, and Political Opposition. Chile, 1983\u20131985"},"content":{"rendered":"<p><span style=\"color: #00cc00;\"><strong>Wednesday 08\/19 <\/strong><strong>\u2192 12<\/strong><strong>\u00a0hours.\u00a0<\/strong><strong>\u2192 Research room. Faculty of Law. Central Campus. Alberto Hurtado University<\/strong><\/span><\/p>\n<p><em>\u00abPolicarpo II. <span class=\"subtitulo\">Catholicism, Public Space, and Political Opposition. Chile, 1983-1985. Editors Marcos Fern\u00e1ndez Labb\u00e9, Martin Bernales, and Mar\u00eda Soledad del Villar\u00bb<\/span><\/em><\/p>\n<p>The presentation of this book, which makes available to the public selected articles from the years 1983-1985 of the clandestine newspaper <em>Policarpo (1981-1994)<\/em>.<\/p>\n<p>This newspaper was produced and distributed by a group of grassroots Christian men and women led by the Jesuit priest Jos\u00e9 Aldunate SJ, who tried not to remain silent and to denounce the human rights violations that occurred during the Dictatorship.<\/p>\n<p><span style=\"color: #00cc00;\"><strong>Panelists:<\/strong><\/span><\/p>\n<p><strong>Viviana Bravo. <\/strong>UAH historian and academic<\/p>\n<p><strong>Sergio Silva<\/strong> <strong>SSCC. <\/strong>Theologist and author of the book Is There Reason to Believe in Jesus?<\/p>\n<p><strong>Boris Hau. <\/strong>Lawyer and member of the UAH Human Rights Center.<\/p>\n<p><span style=\"color: #00cc00;\"><strong>Moderate:<\/strong><\/span><\/p>\n<p><strong>Marcos Fernandez. <\/strong>UAH Historian and Academic<\/p>\n<p><span style=\"color: #00cc00;\"><strong>\u2192 Learn about the book here<\/strong><\/span><\/p>\n<p><a href=\"https:\/\/ediciones.uahurtado.cl\/en\/product\/policarpo-ii\/\"><img decoding=\"async\" class=\"wp-image-21093\" title=\"Policarpo II web\" src=\"https:\/\/ediciones.uahurtado.cl\/wp-content\/uploads\/Policarpo-II-web.jpg.webp\" alt=\"Policarpo II web\" width=\"150\" height=\"230\" srcset=\"https:\/\/ediciones.uahurtado.cl\/wp-content\/uploads\/Policarpo-II-web.jpg 456w, https:\/\/ediciones.uahurtado.cl\/wp-content\/uploads\/Policarpo-II-web-320x491.jpg 320w, https:\/\/ediciones.uahurtado.cl\/wp-content\/uploads\/Policarpo-II-web-300x461.jpg 300w, https:\/\/ediciones.uahurtado.cl\/wp-content\/uploads\/Policarpo-II-web-64x98.jpg 64w\" sizes=\"(max-width: 150px) 100vw, 150px\" \/><\/a><\/p>","protected":false},"excerpt":{"rendered":"<p>Wednesday 08\/19 \u2192 12 PM \u2192 Research Room. Faculty of Law. Central Campus. Alberto Hurtado University \u00abPolicarpo II. Catholicism, Public Space, and Political Opposition. Chile, 1983-1985\u00bb. Editors Marcos Fern\u00e1ndez Labb\u00e9, Martin Bernales, and Mar\u00eda Soledad del Villar\" The presentation of this book, which makes selected articles from the newspaper from 1983-1985 available to the public...<\/p>","protected":false},"author":2900,"featured_media":21110,"comment_status":"closed","ping_status":"closed","sticky":false,"template":"","format":"standard","meta":{"_acf_changed":false,"footnotes":""},"categories":[94],"tags":[872,871,102,726],"class_list":["post-21109","post","type-post","status-publish","format-standard","has-post-thumbnail","hentry","category-lanzamientos","tag-clandestinidad","tag-ddhh","tag-dictadura","tag-resistencia"],"acf":[],"yoast_head":"<!-- This site is optimized with the Yoast SEO plugin v28.3 - https:\/\/yoast.com\/product\/yoast-seo-wordpress\/ -->\n<title>Lanzamiento \/ Policarpo II. Catolicismo, espacio p\u00fablico y oposici\u00f3n pol\u00edtica. Chile, 1983-1985&quot; - Ediciones UAH<\/title>\n<meta name=\"robots\" content=\"index, follow, max-snippet:-1, max-image-preview:large, max-video-preview:-1\" \/>\n<link rel=\"canonical\" href=\"https:\/\/ediciones.uahurtado.cl\/en\/policarpo-ii-launch\/\" \/>\n<meta property=\"og:locale\" content=\"en_US\" \/>\n<meta property=\"og:type\" content=\"article\" \/>\n<meta property=\"og:title\" content=\"Lanzamiento \/ Policarpo II. Catolicismo, espacio p\u00fablico y oposici\u00f3n pol\u00edtica. Chile, 1983-1985&quot; - Ediciones UAH\" \/>\n<meta property=\"og:description\" content=\"Mi\u00e9rcoles 19\/08 \u2192 12\u00a0hrs.\u00a0\u2192 Sala de investigaci\u00f3n. Facultad de Derecho. Casa central. Universidad Alberto Hurtado \u00abPolicarpo II. Catolicismo, espacio p\u00fablico y oposici\u00f3n pol\u00edtica. Chile, 1983-1985&#8243;. Editores Marcos Fern\u00e1ndez Labb\u00e9, Martin Bernales y Mar\u00eda Soledad del Villar\u00bb La presentaci\u00f3n de este libro que pone a disposici\u00f3n del p\u00fablico art\u00edculos seleccionados entre los a\u00f1os 1983-1985 del peri\u00f3dico...\" \/>\n<meta property=\"og:url\" content=\"https:\/\/ediciones.uahurtado.cl\/en\/policarpo-ii-launch\/\" \/>\n<meta property=\"og:site_name\" content=\"Ediciones UAH\" \/>\n<meta property=\"article:publisher\" content=\"https:\/\/www.facebook.com\/edicionesuah?_rdc=2&amp;_rdr\" \/>\n<meta property=\"article:published_time\" content=\"2023-08-03T15:23:36+00:00\" \/>\n<meta property=\"article:modified_time\" content=\"2023-08-11T15:08:38+00:00\" \/>\n<meta property=\"og:image\" content=\"https:\/\/ediciones.uahurtado.cl\/wp-content\/uploads\/portada-invitacion-policarpo-II.jpg\" \/>\n\t<meta property=\"og:image:width\" content=\"1920\" \/>\n\t<meta property=\"og:image:height\" content=\"960\" \/>\n\t<meta property=\"og:image:type\" content=\"image\/jpeg\" \/>\n<meta name=\"author\" content=\"MABEL RIVERA\" \/>\n<meta name=\"twitter:card\" content=\"summary_large_image\" \/>\n<meta name=\"twitter:label1\" content=\"Written by\" \/>\n\t<meta name=\"twitter:data1\" content=\"MABEL RIVERA\" \/>\n\t<meta name=\"twitter:label2\" content=\"Est. reading time\" \/>\n\t<meta name=\"twitter:data2\" content=\"1 minute\" \/>\n<script type=\"application\/ld+json\" class=\"yoast-schema-graph\">{\"@context\":\"https:\\\/\\\/schema.org\",\"@graph\":[{\"@type\":\"Article\",\"@id\":\"https:\\\/\\\/ediciones.uahurtado.cl\\\/lanzamiento-policarpo-ii\\\/#article\",\"isPartOf\":{\"@id\":\"https:\\\/\\\/ediciones.uahurtado.cl\\\/lanzamiento-policarpo-ii\\\/\"},\"author\":{\"name\":\"MABEL RIVERA\",\"@id\":\"https:\\\/\\\/ediciones.uahurtado.cl\\\/#\\\/schema\\\/person\\\/8748691bfd41989e2cd5bdc2a089640b\"},\"headline\":\"Lanzamiento \\\/ Policarpo II. Catolicismo, espacio p\u00fablico y oposici\u00f3n pol\u00edtica. Chile, 1983-1985&#8243;\",\"datePublished\":\"2023-08-03T15:23:36+00:00\",\"dateModified\":\"2023-08-11T15:08:38+00:00\",\"mainEntityOfPage\":{\"@id\":\"https:\\\/\\\/ediciones.uahurtado.cl\\\/lanzamiento-policarpo-ii\\\/\"},\"wordCount\":171,\"publisher\":{\"@id\":\"https:\\\/\\\/ediciones.uahurtado.cl\\\/#organization\"},\"image\":{\"@id\":\"https:\\\/\\\/ediciones.uahurtado.cl\\\/lanzamiento-policarpo-ii\\\/#primaryimage\"},\"thumbnailUrl\":\"https:\\\/\\\/ediciones.uahurtado.cl\\\/wp-content\\\/uploads\\\/portada-invitacion-policarpo-II.jpg\",\"keywords\":[\"clandestinidad\",\"ddhh\",\"dictadura\",\"resistencia\"],\"articleSection\":[\"Lanzamientos\"],\"inLanguage\":\"en-US\"},{\"@type\":\"WebPage\",\"@id\":\"https:\\\/\\\/ediciones.uahurtado.cl\\\/lanzamiento-policarpo-ii\\\/\",\"url\":\"https:\\\/\\\/ediciones.uahurtado.cl\\\/lanzamiento-policarpo-ii\\\/\",\"name\":\"Lanzamiento \\\/ Policarpo II. Catolicismo, espacio p\u00fablico y oposici\u00f3n pol\u00edtica. Chile, 1983-1985\\\" - Ediciones UAH\",\"isPartOf\":{\"@id\":\"https:\\\/\\\/ediciones.uahurtado.cl\\\/#website\"},\"primaryImageOfPage\":{\"@id\":\"https:\\\/\\\/ediciones.uahurtado.cl\\\/lanzamiento-policarpo-ii\\\/#primaryimage\"},\"image\":{\"@id\":\"https:\\\/\\\/ediciones.uahurtado.cl\\\/lanzamiento-policarpo-ii\\\/#primaryimage\"},\"thumbnailUrl\":\"https:\\\/\\\/ediciones.uahurtado.cl\\\/wp-content\\\/uploads\\\/portada-invitacion-policarpo-II.jpg\",\"datePublished\":\"2023-08-03T15:23:36+00:00\",\"dateModified\":\"2023-08-11T15:08:38+00:00\",\"breadcrumb\":{\"@id\":\"https:\\\/\\\/ediciones.uahurtado.cl\\\/lanzamiento-policarpo-ii\\\/#breadcrumb\"},\"inLanguage\":\"en-US\",\"potentialAction\":[{\"@type\":\"ReadAction\",\"target\":[\"https:\\\/\\\/ediciones.uahurtado.cl\\\/lanzamiento-policarpo-ii\\\/\"]}]},{\"@type\":\"ImageObject\",\"inLanguage\":\"en-US\",\"@id\":\"https:\\\/\\\/ediciones.uahurtado.cl\\\/lanzamiento-policarpo-ii\\\/#primaryimage\",\"url\":\"https:\\\/\\\/ediciones.uahurtado.cl\\\/wp-content\\\/uploads\\\/portada-invitacion-policarpo-II.jpg\",\"contentUrl\":\"https:\\\/\\\/ediciones.uahurtado.cl\\\/wp-content\\\/uploads\\\/portada-invitacion-policarpo-II.jpg\",\"width\":1920,\"height\":960,\"caption\":\"portada invitacion policarpo II\"},{\"@type\":\"BreadcrumbList\",\"@id\":\"https:\\\/\\\/ediciones.uahurtado.cl\\\/lanzamiento-policarpo-ii\\\/#breadcrumb\",\"itemListElement\":[{\"@type\":\"ListItem\",\"position\":1,\"name\":\"Portada\",\"item\":\"https:\\\/\\\/ediciones.uahurtado.cl\\\/\"},{\"@type\":\"ListItem\",\"position\":2,\"name\":\"Lanzamiento \\\/ Policarpo II. Catolicismo, espacio p\u00fablico y oposici\u00f3n pol\u00edtica. Chile, 1983-1985&#8243;\"}]},{\"@type\":\"WebSite\",\"@id\":\"https:\\\/\\\/ediciones.uahurtado.cl\\\/#website\",\"url\":\"https:\\\/\\\/ediciones.uahurtado.cl\\\/\",\"name\":\"Ediciones UAH\",\"description\":\"Universidad Alberto Hurtado\",\"publisher\":{\"@id\":\"https:\\\/\\\/ediciones.uahurtado.cl\\\/#organization\"},\"potentialAction\":[{\"@type\":\"SearchAction\",\"target\":{\"@type\":\"EntryPoint\",\"urlTemplate\":\"https:\\\/\\\/ediciones.uahurtado.cl\\\/?s={search_term_string}\"},\"query-input\":{\"@type\":\"PropertyValueSpecification\",\"valueRequired\":true,\"valueName\":\"search_term_string\"}}],\"inLanguage\":\"en-US\"},{\"@type\":\"Organization\",\"@id\":\"https:\\\/\\\/ediciones.uahurtado.cl\\\/#organization\",\"name\":\"Ediciones UAH\",\"url\":\"https:\\\/\\\/ediciones.uahurtado.cl\\\/\",\"logo\":{\"@type\":\"ImageObject\",\"inLanguage\":\"en-US\",\"@id\":\"https:\\\/\\\/ediciones.uahurtado.cl\\\/#\\\/schema\\\/logo\\\/image\\\/\",\"url\":\"https:\\\/\\\/ediciones.uahurtado.cl\\\/wp-content\\\/uploads\\\/2022\\\/06\\\/logo-ediciones-UAH.png\",\"contentUrl\":\"https:\\\/\\\/ediciones.uahurtado.cl\\\/wp-content\\\/uploads\\\/2022\\\/06\\\/logo-ediciones-UAH.png\",\"width\":584,\"height\":128,\"caption\":\"Ediciones UAH\"},\"image\":{\"@id\":\"https:\\\/\\\/ediciones.uahurtado.cl\\\/#\\\/schema\\\/logo\\\/image\\\/\"},\"sameAs\":[\"https:\\\/\\\/www.facebook.com\\\/edicionesuah?_rdc=2&_rdr\"]},{\"@type\":\"Person\",\"@id\":\"https:\\\/\\\/ediciones.uahurtado.cl\\\/#\\\/schema\\\/person\\\/8748691bfd41989e2cd5bdc2a089640b\",\"name\":\"MABEL RIVERA\",\"url\":\"https:\\\/\\\/ediciones.uahurtado.cl\\\/en\\\/author\\\/admmabel\\\/\"}]}<\/script>\n<!-- \/ Yoast SEO plugin. -->","yoast_head_json":{"title":"Launch \/ Policarpo II. Catholicism, Public Space, and Political Opposition. Chile, 1983-1985 - Ediciones UAH","robots":{"index":"index","follow":"follow","max-snippet":"max-snippet:-1","max-image-preview":"max-image-preview:large","max-video-preview":"max-video-preview:-1"},"canonical":"https:\/\/ediciones.uahurtado.cl\/en\/policarpo-ii-launch\/","og_locale":"en_US","og_type":"article","og_title":"Lanzamiento \/ Policarpo II. Catolicismo, espacio p\u00fablico y oposici\u00f3n pol\u00edtica. Chile, 1983-1985\" - Ediciones UAH","og_description":"Mi\u00e9rcoles 19\/08 \u2192 12\u00a0hrs.\u00a0\u2192 Sala de investigaci\u00f3n. Facultad de Derecho. Casa central. Universidad Alberto Hurtado \u00abPolicarpo II. Catolicismo, espacio p\u00fablico y oposici\u00f3n pol\u00edtica. Chile, 1983-1985&#8243;. Editores Marcos Fern\u00e1ndez Labb\u00e9, Martin Bernales y Mar\u00eda Soledad del Villar\u00bb La presentaci\u00f3n de este libro que pone a disposici\u00f3n del p\u00fablico art\u00edculos seleccionados entre los a\u00f1os 1983-1985 del peri\u00f3dico...","og_url":"https:\/\/ediciones.uahurtado.cl\/en\/policarpo-ii-launch\/","og_site_name":"Ediciones UAH","article_publisher":"https:\/\/www.facebook.com\/edicionesuah?_rdc=2&_rdr","article_published_time":"2023-08-03T15:23:36+00:00","article_modified_time":"2023-08-11T15:08:38+00:00","og_image":[{"width":1920,"height":960,"url":"https:\/\/ediciones.uahurtado.cl\/wp-content\/uploads\/portada-invitacion-policarpo-II.jpg","type":"image\/jpeg"}],"author":"MABEL RIVERA","twitter_card":"summary_large_image","twitter_misc":{"Written by":"MABEL RIVERA","Est. reading time":"1 minute"},"schema":{"@context":"https:\/\/schema.org","@graph":[{"@type":"Article","@id":"https:\/\/ediciones.uahurtado.cl\/lanzamiento-policarpo-ii\/#article","isPartOf":{"@id":"https:\/\/ediciones.uahurtado.cl\/lanzamiento-policarpo-ii\/"},"author":{"name":"MABEL RIVERA","@id":"https:\/\/ediciones.uahurtado.cl\/#\/schema\/person\/8748691bfd41989e2cd5bdc2a089640b"},"headline":"Lanzamiento \/ Policarpo II. Catolicismo, espacio p\u00fablico y oposici\u00f3n pol\u00edtica. Chile, 1983-1985&#8243;","datePublished":"2023-08-03T15:23:36+00:00","dateModified":"2023-08-11T15:08:38+00:00","mainEntityOfPage":{"@id":"https:\/\/ediciones.uahurtado.cl\/lanzamiento-policarpo-ii\/"},"wordCount":171,"publisher":{"@id":"https:\/\/ediciones.uahurtado.cl\/#organization"},"image":{"@id":"https:\/\/ediciones.uahurtado.cl\/lanzamiento-policarpo-ii\/#primaryimage"},"thumbnailUrl":"https:\/\/ediciones.uahurtado.cl\/wp-content\/uploads\/portada-invitacion-policarpo-II.jpg","keywords":["clandestinidad","ddhh","dictadura","resistencia"],"articleSection":["Lanzamientos"],"inLanguage":"en-US"},{"@type":"WebPage","@id":"https:\/\/ediciones.uahurtado.cl\/lanzamiento-policarpo-ii\/","url":"https:\/\/ediciones.uahurtado.cl\/lanzamiento-policarpo-ii\/","name":"Launch \/ Policarpo II. Catholicism, Public Space, and Political Opposition. Chile, 1983-1985 - Ediciones UAH","isPartOf":{"@id":"https:\/\/ediciones.uahurtado.cl\/#website"},"primaryImageOfPage":{"@id":"https:\/\/ediciones.uahurtado.cl\/lanzamiento-policarpo-ii\/#primaryimage"},"image":{"@id":"https:\/\/ediciones.uahurtado.cl\/lanzamiento-policarpo-ii\/#primaryimage"},"thumbnailUrl":"https:\/\/ediciones.uahurtado.cl\/wp-content\/uploads\/portada-invitacion-policarpo-II.jpg","datePublished":"2023-08-03T15:23:36+00:00","dateModified":"2023-08-11T15:08:38+00:00","breadcrumb":{"@id":"https:\/\/ediciones.uahurtado.cl\/lanzamiento-policarpo-ii\/#breadcrumb"},"inLanguage":"en-US","potentialAction":[{"@type":"ReadAction","target":["https:\/\/ediciones.uahurtado.cl\/lanzamiento-policarpo-ii\/"]}]},{"@type":"ImageObject","inLanguage":"en-US","@id":"https:\/\/ediciones.uahurtado.cl\/lanzamiento-policarpo-ii\/#primaryimage","url":"https:\/\/ediciones.uahurtado.cl\/wp-content\/uploads\/portada-invitacion-policarpo-II.jpg","contentUrl":"https:\/\/ediciones.uahurtado.cl\/wp-content\/uploads\/portada-invitacion-policarpo-II.jpg","width":1920,"height":960,"caption":"portada invitacion policarpo II"},{"@type":"BreadcrumbList","@id":"https:\/\/ediciones.uahurtado.cl\/lanzamiento-policarpo-ii\/#breadcrumb","itemListElement":[{"@type":"ListItem","position":1,"name":"Portada","item":"https:\/\/ediciones.uahurtado.cl\/"},{"@type":"ListItem","position":2,"name":"Lanzamiento \/ Policarpo II. Catolicismo, espacio p\u00fablico y oposici\u00f3n pol\u00edtica. Chile, 1983-1985&#8243;"}]},{"@type":"WebSite","@id":"https:\/\/ediciones.uahurtado.cl\/#website","url":"https:\/\/ediciones.uahurtado.cl\/","name":"UAH Editions","description":"Alberto Hurtado University","publisher":{"@id":"https:\/\/ediciones.uahurtado.cl\/#organization"},"potentialAction":[{"@type":"SearchAction","target":{"@type":"EntryPoint","urlTemplate":"https:\/\/ediciones.uahurtado.cl\/?s={search_term_string}"},"query-input":{"@type":"PropertyValueSpecification","valueRequired":true,"valueName":"search_term_string"}}],"inLanguage":"en-US"},{"@type":"Organization","@id":"https:\/\/ediciones.uahurtado.cl\/#organization","name":"UAH Editions","url":"https:\/\/ediciones.uahurtado.cl\/","logo":{"@type":"ImageObject","inLanguage":"en-US","@id":"https:\/\/ediciones.uahurtado.cl\/#\/schema\/logo\/image\/","url":"https:\/\/ediciones.uahurtado.cl\/wp-content\/uploads\/2022\/06\/logo-ediciones-UAH.png","contentUrl":"https:\/\/ediciones.uahurtado.cl\/wp-content\/uploads\/2022\/06\/logo-ediciones-UAH.png","width":584,"height":128,"caption":"Ediciones UAH"},"image":{"@id":"https:\/\/ediciones.uahurtado.cl\/#\/schema\/logo\/image\/"},"sameAs":["https:\/\/www.facebook.com\/edicionesuah?_rdc=2&_rdr"]},{"@type":"Person","@id":"https:\/\/ediciones.uahurtado.cl\/#\/schema\/person\/8748691bfd41989e2cd5bdc2a089640b","name":"Mabel Rivera","url":"https:\/\/ediciones.uahurtado.cl\/en\/author\/admmabel\/"}]}},"_links":{"self":[{"href":"https:\/\/ediciones.uahurtado.cl\/en\/wp-json\/wp\/v2\/posts\/21109","targetHints":{"allow":["GET"]}}],"collection":[{"href":"https:\/\/ediciones.uahurtado.cl\/en\/wp-json\/wp\/v2\/posts"}],"about":[{"href":"https:\/\/ediciones.uahurtado.cl\/en\/wp-json\/wp\/v2\/types\/post"}],"author":[{"embeddable":true,"href":"https:\/\/ediciones.uahurtado.cl\/en\/wp-json\/wp\/v2\/users\/2900"}],"replies":[{"embeddable":true,"href":"https:\/\/ediciones.uahurtado.cl\/en\/wp-json\/wp\/v2\/comments?post=21109"}],"version-history":[{"count":5,"href":"https:\/\/ediciones.uahurtado.cl\/en\/wp-json\/wp\/v2\/posts\/21109\/revisions"}],"predecessor-version":[{"id":21140,"href":"https:\/\/ediciones.uahurtado.cl\/en\/wp-json\/wp\/v2\/posts\/21109\/revisions\/21140"}],"wp:featuredmedia":[{"embeddable":true,"href":"https:\/\/ediciones.uahurtado.cl\/en\/wp-json\/wp\/v2\/media\/21110"}],"wp:attachment":[{"href":"https:\/\/ediciones.uahurtado.cl\/en\/wp-json\/wp\/v2\/media?parent=21109"}],"wp:term":[{"taxonomy":"category","embeddable":true,"href":"https:\/\/ediciones.uahurtado.cl\/en\/wp-json\/wp\/v2\/categories?post=21109"},{"taxonomy":"post_tag","embeddable":true,"href":"https:\/\/ediciones.uahurtado.cl\/en\/wp-json\/wp\/v2\/tags?post=21109"}],"curies":[{"name":"wp","href":"https:\/\/api.w.org\/{rel}","templated":true}]}}