{"id":21172,"date":"2023-08-25T14:04:11","date_gmt":"2023-08-25T18:04:11","guid":{"rendered":"https:\/\/ediciones.uahurtado.cl\/?p=21172"},"modified":"2023-08-25T14:04:11","modified_gmt":"2023-08-25T18:04:11","slug":"book-fair-at-the-uah-thinking-about-chile-1973-2023","status":"publish","type":"post","link":"https:\/\/ediciones.uahurtado.cl\/en\/feria-del-libro-en-la-uah-pensando-a-chile-1973-2023\/","title":{"rendered":"Book Fair at UAH \/ Thinking about Chile 1973 \u2013 2023"},"content":{"rendered":"<p style=\"text-align: justify;\"><span style=\"color: #00cc00;\"><strong>Wednesday 08\/30 <\/strong><strong>\u2192 Thursday 08\/31 \u2192 Starting at 12<\/strong><strong>\u00a0hours.\u00a0<\/strong><strong>\u2192 Central courtyard Alberto Hurtado University \u2192 Almirante Barroso 10, Santiago center.<\/strong><\/span><\/p>\n<p style=\"text-align: justify;\">Commemorating 50 years since the military coup that forever changed our society and shook the entire country, we wanted to organize the \"Thinking Chile 1973 \u2013 2023\" book fair, inviting a group of publishers whose catalogs feature titles related to the effects of this institutional and democratic breakdown, as well as publications and studies from subsequent years.<\/p>\n<p style=\"text-align: justify;\">Amidst repression and fear, civil society created forms of organization and resistance, including publishing houses and other civil society organizations.<\/p>\n<p style=\"text-align: justify;\"><span style=\"color: #00cc00;\"><strong>\u2192 Guest editorials<\/strong><\/span><\/p>\n<p>Lom - Ceibo - Editorial USACH - Mago Editores - Hueders - Penguin - Tajamar - Ediciones Universidad Alberto Hurtado - Catalonia<\/p>\n<p><span style=\"color: #00cc00;\"><strong>Program\u00a0<\/strong><\/span><\/p>\n<p><span style=\"color: #00cc00;\"><strong>Wednesday, August 30<\/strong><\/span><\/p>\n<p>12:00 PM<\/p>\n<p><strong>\u00abThe role of editors in the society of their time\u00bb<\/strong><\/p>\n<p>Mar\u00eda Paz Morales: President of Chilean Publishers<\/p>\n<p>Arturo Infante: Editor at Catalonia<\/p>\n<p>Moderator: Alejandra Stevenson<\/p>\n<p>1:00 PM<\/p>\n<p><strong>\u00abThe political project of Popular Unity\u00bb<\/strong><\/p>\n<p>The male and female guests are prominent figures, protagonists of the history of that time: Jorge Arrate, Carmen Frei, and Pedro Felipe Ram\u00edrez<\/p>\n<p>Moderated by: Pedro Milos<\/p>\n<p>From 14:00 to 15:00 \/ DJ (Julio) with music from the 1970s.<\/p>\n<p><span style=\"color: #00cc00;\"><strong>Thursday, August 31<\/strong><\/span><\/p>\n<p>1:00 p.m.<\/p>\n<p><strong>\u00abHuman rights: struggle, memory, truth and citizen participation\u00bb<\/strong><\/p>\n<p>The invited guests experienced repression, survived, and have dedicated years of their lives to tirelessly spreading the horrors of the dictatorship: Roberto Celed\u00f3n, Mar\u00eda Luisa Sep\u00falveda, Rodrigo Dresdner, and M\u00f3nica Gonz\u00e1lez<\/p>\n<p>Moderator: Oriana Bernasconi<\/p>\n<p>From 2:00 PM to 3:00 PM \/ DJ (Julio) with 1980s music.<\/p>","protected":false},"excerpt":{"rendered":"<p>Wednesday 08\/30 \u2192 Thursday 08\/31 \u2192 Starting at 12 PM \u2192 Central courtyard of Universidad Alberto Hurtado \u2192 Almirante Barroso 10, Santiago centro. To commemorate 50 years since the military coup that forever changed our society and shook the entire country, we wanted to organize the book fair \/ Thinking about Chile 1973 \u2013 2023\u2026<\/p>","protected":false},"author":2900,"featured_media":21173,"comment_status":"closed","ping_status":"closed","sticky":false,"template":"","format":"standard","meta":{"_acf_changed":false,"footnotes":""},"categories":[665,108],"tags":[873,102,109,116],"class_list":["post-21172","post","type-post","status-publish","format-standard","has-post-thumbnail","hentry","category-eventos","category-ferias","tag-50-anos","tag-dictadura","tag-ferias","tag-golpe-militar"],"acf":[],"yoast_head":"<!-- This site is optimized with the Yoast SEO plugin v28.3 - https:\/\/yoast.com\/product\/yoast-seo-wordpress\/ -->\n<title>Feria del libro en la UAH \/ Pensando a Chile 1973 - 2023 - Ediciones UAH<\/title>\n<meta name=\"robots\" content=\"index, follow, max-snippet:-1, max-image-preview:large, max-video-preview:-1\" \/>\n<link rel=\"canonical\" href=\"https:\/\/ediciones.uahurtado.cl\/en\/book-fair-at-the-uah-thinking-about-chile-1973-2023\/\" \/>\n<meta property=\"og:locale\" content=\"en_US\" \/>\n<meta property=\"og:type\" content=\"article\" \/>\n<meta property=\"og:title\" content=\"Feria del libro en la UAH \/ Pensando a Chile 1973 - 2023 - Ediciones UAH\" \/>\n<meta property=\"og:description\" content=\"Mi\u00e9rcoles 30\/08 \u2192\u00a0 Jueves 31\/08 \u2192 A partir de las 12\u00a0hrs.\u00a0\u2192 Patio central Universidad Alberto Hurtado \u2192 Almirante Barroso 10, Santiago centro. Al conmemorarse 50 a\u00f1os del golpe militar que cambi\u00f3 para siempre a nuestra sociedad y remeci\u00f3 al pa\u00eds entero, hemos querido organizar la feria del libro \/ Pensando a Chile 1973 &#8211; 2023...\" \/>\n<meta property=\"og:url\" content=\"https:\/\/ediciones.uahurtado.cl\/en\/book-fair-at-the-uah-thinking-about-chile-1973-2023\/\" \/>\n<meta property=\"og:site_name\" content=\"Ediciones UAH\" \/>\n<meta property=\"article:publisher\" content=\"https:\/\/www.facebook.com\/edicionesuah?_rdc=2&amp;_rdr\" \/>\n<meta property=\"article:published_time\" content=\"2023-08-25T18:04:11+00:00\" \/>\n<meta property=\"og:image\" content=\"https:\/\/ediciones.uahurtado.cl\/wp-content\/uploads\/portada-invitacion.png\" \/>\n\t<meta property=\"og:image:width\" content=\"800\" \/>\n\t<meta property=\"og:image:height\" content=\"400\" \/>\n\t<meta property=\"og:image:type\" content=\"image\/png\" \/>\n<meta name=\"author\" content=\"MABEL RIVERA\" \/>\n<meta name=\"twitter:card\" content=\"summary_large_image\" \/>\n<meta name=\"twitter:label1\" content=\"Written by\" \/>\n\t<meta name=\"twitter:data1\" content=\"MABEL RIVERA\" \/>\n\t<meta name=\"twitter:label2\" content=\"Est. reading time\" \/>\n\t<meta name=\"twitter:data2\" content=\"2 minutes\" \/>\n<script type=\"application\/ld+json\" class=\"yoast-schema-graph\">{\"@context\":\"https:\\\/\\\/schema.org\",\"@graph\":[{\"@type\":\"Article\",\"@id\":\"https:\\\/\\\/ediciones.uahurtado.cl\\\/feria-del-libro-en-la-uah-pensando-a-chile-1973-2023\\\/#article\",\"isPartOf\":{\"@id\":\"https:\\\/\\\/ediciones.uahurtado.cl\\\/feria-del-libro-en-la-uah-pensando-a-chile-1973-2023\\\/\"},\"author\":{\"name\":\"MABEL RIVERA\",\"@id\":\"https:\\\/\\\/ediciones.uahurtado.cl\\\/#\\\/schema\\\/person\\\/8748691bfd41989e2cd5bdc2a089640b\"},\"headline\":\"Feria del libro en la UAH \\\/ Pensando a Chile 1973 &#8211; 2023\",\"datePublished\":\"2023-08-25T18:04:11+00:00\",\"mainEntityOfPage\":{\"@id\":\"https:\\\/\\\/ediciones.uahurtado.cl\\\/feria-del-libro-en-la-uah-pensando-a-chile-1973-2023\\\/\"},\"wordCount\":295,\"publisher\":{\"@id\":\"https:\\\/\\\/ediciones.uahurtado.cl\\\/#organization\"},\"image\":{\"@id\":\"https:\\\/\\\/ediciones.uahurtado.cl\\\/feria-del-libro-en-la-uah-pensando-a-chile-1973-2023\\\/#primaryimage\"},\"thumbnailUrl\":\"https:\\\/\\\/ediciones.uahurtado.cl\\\/wp-content\\\/uploads\\\/portada-invitacion.png\",\"keywords\":[\"50 a\u00f1os\",\"dictadura\",\"ferias\",\"golpe militar\"],\"articleSection\":[\"Eventos\",\"Ferias\"],\"inLanguage\":\"en-US\"},{\"@type\":\"WebPage\",\"@id\":\"https:\\\/\\\/ediciones.uahurtado.cl\\\/feria-del-libro-en-la-uah-pensando-a-chile-1973-2023\\\/\",\"url\":\"https:\\\/\\\/ediciones.uahurtado.cl\\\/feria-del-libro-en-la-uah-pensando-a-chile-1973-2023\\\/\",\"name\":\"Feria del libro en la UAH \\\/ Pensando a Chile 1973 - 2023 - Ediciones UAH\",\"isPartOf\":{\"@id\":\"https:\\\/\\\/ediciones.uahurtado.cl\\\/#website\"},\"primaryImageOfPage\":{\"@id\":\"https:\\\/\\\/ediciones.uahurtado.cl\\\/feria-del-libro-en-la-uah-pensando-a-chile-1973-2023\\\/#primaryimage\"},\"image\":{\"@id\":\"https:\\\/\\\/ediciones.uahurtado.cl\\\/feria-del-libro-en-la-uah-pensando-a-chile-1973-2023\\\/#primaryimage\"},\"thumbnailUrl\":\"https:\\\/\\\/ediciones.uahurtado.cl\\\/wp-content\\\/uploads\\\/portada-invitacion.png\",\"datePublished\":\"2023-08-25T18:04:11+00:00\",\"breadcrumb\":{\"@id\":\"https:\\\/\\\/ediciones.uahurtado.cl\\\/feria-del-libro-en-la-uah-pensando-a-chile-1973-2023\\\/#breadcrumb\"},\"inLanguage\":\"en-US\",\"potentialAction\":[{\"@type\":\"ReadAction\",\"target\":[\"https:\\\/\\\/ediciones.uahurtado.cl\\\/feria-del-libro-en-la-uah-pensando-a-chile-1973-2023\\\/\"]}]},{\"@type\":\"ImageObject\",\"inLanguage\":\"en-US\",\"@id\":\"https:\\\/\\\/ediciones.uahurtado.cl\\\/feria-del-libro-en-la-uah-pensando-a-chile-1973-2023\\\/#primaryimage\",\"url\":\"https:\\\/\\\/ediciones.uahurtado.cl\\\/wp-content\\\/uploads\\\/portada-invitacion.png\",\"contentUrl\":\"https:\\\/\\\/ediciones.uahurtado.cl\\\/wp-content\\\/uploads\\\/portada-invitacion.png\",\"width\":800,\"height\":400,\"caption\":\"Ferias\"},{\"@type\":\"BreadcrumbList\",\"@id\":\"https:\\\/\\\/ediciones.uahurtado.cl\\\/feria-del-libro-en-la-uah-pensando-a-chile-1973-2023\\\/#breadcrumb\",\"itemListElement\":[{\"@type\":\"ListItem\",\"position\":1,\"name\":\"Portada\",\"item\":\"https:\\\/\\\/ediciones.uahurtado.cl\\\/\"},{\"@type\":\"ListItem\",\"position\":2,\"name\":\"Feria del libro en la UAH \\\/ Pensando a Chile 1973 &#8211; 2023\"}]},{\"@type\":\"WebSite\",\"@id\":\"https:\\\/\\\/ediciones.uahurtado.cl\\\/#website\",\"url\":\"https:\\\/\\\/ediciones.uahurtado.cl\\\/\",\"name\":\"Ediciones UAH\",\"description\":\"Universidad Alberto Hurtado\",\"publisher\":{\"@id\":\"https:\\\/\\\/ediciones.uahurtado.cl\\\/#organization\"},\"potentialAction\":[{\"@type\":\"SearchAction\",\"target\":{\"@type\":\"EntryPoint\",\"urlTemplate\":\"https:\\\/\\\/ediciones.uahurtado.cl\\\/?s={search_term_string}\"},\"query-input\":{\"@type\":\"PropertyValueSpecification\",\"valueRequired\":true,\"valueName\":\"search_term_string\"}}],\"inLanguage\":\"en-US\"},{\"@type\":\"Organization\",\"@id\":\"https:\\\/\\\/ediciones.uahurtado.cl\\\/#organization\",\"name\":\"Ediciones UAH\",\"url\":\"https:\\\/\\\/ediciones.uahurtado.cl\\\/\",\"logo\":{\"@type\":\"ImageObject\",\"inLanguage\":\"en-US\",\"@id\":\"https:\\\/\\\/ediciones.uahurtado.cl\\\/#\\\/schema\\\/logo\\\/image\\\/\",\"url\":\"https:\\\/\\\/ediciones.uahurtado.cl\\\/wp-content\\\/uploads\\\/2022\\\/06\\\/logo-ediciones-UAH.png\",\"contentUrl\":\"https:\\\/\\\/ediciones.uahurtado.cl\\\/wp-content\\\/uploads\\\/2022\\\/06\\\/logo-ediciones-UAH.png\",\"width\":584,\"height\":128,\"caption\":\"Ediciones UAH\"},\"image\":{\"@id\":\"https:\\\/\\\/ediciones.uahurtado.cl\\\/#\\\/schema\\\/logo\\\/image\\\/\"},\"sameAs\":[\"https:\\\/\\\/www.facebook.com\\\/edicionesuah?_rdc=2&_rdr\"]},{\"@type\":\"Person\",\"@id\":\"https:\\\/\\\/ediciones.uahurtado.cl\\\/#\\\/schema\\\/person\\\/8748691bfd41989e2cd5bdc2a089640b\",\"name\":\"MABEL RIVERA\",\"url\":\"https:\\\/\\\/ediciones.uahurtado.cl\\\/en\\\/author\\\/admmabel\\\/\"}]}<\/script>\n<!-- \/ Yoast SEO plugin. -->","yoast_head_json":{"title":"Book Fair at UAH \/ Thinking About Chile 1973 - 2023 - Ediciones UAH","robots":{"index":"index","follow":"follow","max-snippet":"max-snippet:-1","max-image-preview":"max-image-preview:large","max-video-preview":"max-video-preview:-1"},"canonical":"https:\/\/ediciones.uahurtado.cl\/en\/book-fair-at-the-uah-thinking-about-chile-1973-2023\/","og_locale":"en_US","og_type":"article","og_title":"Feria del libro en la UAH \/ Pensando a Chile 1973 - 2023 - Ediciones UAH","og_description":"Mi\u00e9rcoles 30\/08 \u2192\u00a0 Jueves 31\/08 \u2192 A partir de las 12\u00a0hrs.\u00a0\u2192 Patio central Universidad Alberto Hurtado \u2192 Almirante Barroso 10, Santiago centro. Al conmemorarse 50 a\u00f1os del golpe militar que cambi\u00f3 para siempre a nuestra sociedad y remeci\u00f3 al pa\u00eds entero, hemos querido organizar la feria del libro \/ Pensando a Chile 1973 &#8211; 2023...","og_url":"https:\/\/ediciones.uahurtado.cl\/en\/book-fair-at-the-uah-thinking-about-chile-1973-2023\/","og_site_name":"Ediciones UAH","article_publisher":"https:\/\/www.facebook.com\/edicionesuah?_rdc=2&_rdr","article_published_time":"2023-08-25T18:04:11+00:00","og_image":[{"width":800,"height":400,"url":"https:\/\/ediciones.uahurtado.cl\/wp-content\/uploads\/portada-invitacion.png","type":"image\/png"}],"author":"MABEL RIVERA","twitter_card":"summary_large_image","twitter_misc":{"Written by":"MABEL RIVERA","Est. reading time":"2 minutes"},"schema":{"@context":"https:\/\/schema.org","@graph":[{"@type":"Article","@id":"https:\/\/ediciones.uahurtado.cl\/feria-del-libro-en-la-uah-pensando-a-chile-1973-2023\/#article","isPartOf":{"@id":"https:\/\/ediciones.uahurtado.cl\/feria-del-libro-en-la-uah-pensando-a-chile-1973-2023\/"},"author":{"name":"MABEL RIVERA","@id":"https:\/\/ediciones.uahurtado.cl\/#\/schema\/person\/8748691bfd41989e2cd5bdc2a089640b"},"headline":"Feria del libro en la UAH \/ Pensando a Chile 1973 &#8211; 2023","datePublished":"2023-08-25T18:04:11+00:00","mainEntityOfPage":{"@id":"https:\/\/ediciones.uahurtado.cl\/feria-del-libro-en-la-uah-pensando-a-chile-1973-2023\/"},"wordCount":295,"publisher":{"@id":"https:\/\/ediciones.uahurtado.cl\/#organization"},"image":{"@id":"https:\/\/ediciones.uahurtado.cl\/feria-del-libro-en-la-uah-pensando-a-chile-1973-2023\/#primaryimage"},"thumbnailUrl":"https:\/\/ediciones.uahurtado.cl\/wp-content\/uploads\/portada-invitacion.png","keywords":["50 a\u00f1os","dictadura","ferias","golpe militar"],"articleSection":["Eventos","Ferias"],"inLanguage":"en-US"},{"@type":"WebPage","@id":"https:\/\/ediciones.uahurtado.cl\/feria-del-libro-en-la-uah-pensando-a-chile-1973-2023\/","url":"https:\/\/ediciones.uahurtado.cl\/feria-del-libro-en-la-uah-pensando-a-chile-1973-2023\/","name":"Book Fair at UAH \/ Thinking About Chile 1973 - 2023 - Ediciones UAH","isPartOf":{"@id":"https:\/\/ediciones.uahurtado.cl\/#website"},"primaryImageOfPage":{"@id":"https:\/\/ediciones.uahurtado.cl\/feria-del-libro-en-la-uah-pensando-a-chile-1973-2023\/#primaryimage"},"image":{"@id":"https:\/\/ediciones.uahurtado.cl\/feria-del-libro-en-la-uah-pensando-a-chile-1973-2023\/#primaryimage"},"thumbnailUrl":"https:\/\/ediciones.uahurtado.cl\/wp-content\/uploads\/portada-invitacion.png","datePublished":"2023-08-25T18:04:11+00:00","breadcrumb":{"@id":"https:\/\/ediciones.uahurtado.cl\/feria-del-libro-en-la-uah-pensando-a-chile-1973-2023\/#breadcrumb"},"inLanguage":"en-US","potentialAction":[{"@type":"ReadAction","target":["https:\/\/ediciones.uahurtado.cl\/feria-del-libro-en-la-uah-pensando-a-chile-1973-2023\/"]}]},{"@type":"ImageObject","inLanguage":"en-US","@id":"https:\/\/ediciones.uahurtado.cl\/feria-del-libro-en-la-uah-pensando-a-chile-1973-2023\/#primaryimage","url":"https:\/\/ediciones.uahurtado.cl\/wp-content\/uploads\/portada-invitacion.png","contentUrl":"https:\/\/ediciones.uahurtado.cl\/wp-content\/uploads\/portada-invitacion.png","width":800,"height":400,"caption":"Ferias"},{"@type":"BreadcrumbList","@id":"https:\/\/ediciones.uahurtado.cl\/feria-del-libro-en-la-uah-pensando-a-chile-1973-2023\/#breadcrumb","itemListElement":[{"@type":"ListItem","position":1,"name":"Portada","item":"https:\/\/ediciones.uahurtado.cl\/"},{"@type":"ListItem","position":2,"name":"Feria del libro en la UAH \/ Pensando a Chile 1973 &#8211; 2023"}]},{"@type":"WebSite","@id":"https:\/\/ediciones.uahurtado.cl\/#website","url":"https:\/\/ediciones.uahurtado.cl\/","name":"UAH Editions","description":"Alberto Hurtado University","publisher":{"@id":"https:\/\/ediciones.uahurtado.cl\/#organization"},"potentialAction":[{"@type":"SearchAction","target":{"@type":"EntryPoint","urlTemplate":"https:\/\/ediciones.uahurtado.cl\/?s={search_term_string}"},"query-input":{"@type":"PropertyValueSpecification","valueRequired":true,"valueName":"search_term_string"}}],"inLanguage":"en-US"},{"@type":"Organization","@id":"https:\/\/ediciones.uahurtado.cl\/#organization","name":"UAH Editions","url":"https:\/\/ediciones.uahurtado.cl\/","logo":{"@type":"ImageObject","inLanguage":"en-US","@id":"https:\/\/ediciones.uahurtado.cl\/#\/schema\/logo\/image\/","url":"https:\/\/ediciones.uahurtado.cl\/wp-content\/uploads\/2022\/06\/logo-ediciones-UAH.png","contentUrl":"https:\/\/ediciones.uahurtado.cl\/wp-content\/uploads\/2022\/06\/logo-ediciones-UAH.png","width":584,"height":128,"caption":"Ediciones UAH"},"image":{"@id":"https:\/\/ediciones.uahurtado.cl\/#\/schema\/logo\/image\/"},"sameAs":["https:\/\/www.facebook.com\/edicionesuah?_rdc=2&_rdr"]},{"@type":"Person","@id":"https:\/\/ediciones.uahurtado.cl\/#\/schema\/person\/8748691bfd41989e2cd5bdc2a089640b","name":"Mabel Rivera","url":"https:\/\/ediciones.uahurtado.cl\/en\/author\/admmabel\/"}]}},"_links":{"self":[{"href":"https:\/\/ediciones.uahurtado.cl\/en\/wp-json\/wp\/v2\/posts\/21172","targetHints":{"allow":["GET"]}}],"collection":[{"href":"https:\/\/ediciones.uahurtado.cl\/en\/wp-json\/wp\/v2\/posts"}],"about":[{"href":"https:\/\/ediciones.uahurtado.cl\/en\/wp-json\/wp\/v2\/types\/post"}],"author":[{"embeddable":true,"href":"https:\/\/ediciones.uahurtado.cl\/en\/wp-json\/wp\/v2\/users\/2900"}],"replies":[{"embeddable":true,"href":"https:\/\/ediciones.uahurtado.cl\/en\/wp-json\/wp\/v2\/comments?post=21172"}],"version-history":[{"count":2,"href":"https:\/\/ediciones.uahurtado.cl\/en\/wp-json\/wp\/v2\/posts\/21172\/revisions"}],"predecessor-version":[{"id":21175,"href":"https:\/\/ediciones.uahurtado.cl\/en\/wp-json\/wp\/v2\/posts\/21172\/revisions\/21175"}],"wp:featuredmedia":[{"embeddable":true,"href":"https:\/\/ediciones.uahurtado.cl\/en\/wp-json\/wp\/v2\/media\/21173"}],"wp:attachment":[{"href":"https:\/\/ediciones.uahurtado.cl\/en\/wp-json\/wp\/v2\/media?parent=21172"}],"wp:term":[{"taxonomy":"category","embeddable":true,"href":"https:\/\/ediciones.uahurtado.cl\/en\/wp-json\/wp\/v2\/categories?post=21172"},{"taxonomy":"post_tag","embeddable":true,"href":"https:\/\/ediciones.uahurtado.cl\/en\/wp-json\/wp\/v2\/tags?post=21172"}],"curies":[{"name":"wp","href":"https:\/\/api.w.org\/{rel}","templated":true}]}}