{"id":21289,"date":"2023-10-18T09:36:25","date_gmt":"2023-10-18T13:36:25","guid":{"rendered":"https:\/\/ediciones.uahurtado.cl\/?p=21289"},"modified":"2023-10-18T09:41:30","modified_gmt":"2023-10-18T13:41:30","slug":"mazapan-childhoods-launch-representations-of-childhood-in-the-music-of-the-group-mazapan","status":"publish","type":"post","link":"https:\/\/ediciones.uahurtado.cl\/en\/lanzamiento-infancias-de-mazapan-representaciones-de-infancia-en-la-musica-del-grupo-mazapan\/","title":{"rendered":"Launch \/ Childhoods of Mazap\u00e1n. Representations of childhood in the music of the group Mazap\u00e1n."},"content":{"rendered":"<p><span style=\"color: #00cc00;\"><strong>Tuesday 10\/24 <\/strong><strong>\u2192 18<\/strong><strong> hours <\/strong><strong>\u2192 Campus B, 1200 Los Leones Avenue, Alberto Hurtado University.<\/strong><\/span><\/p>\n<p><em><strong>\u00abMazap\u00e1n Childhoods. Representations of Childhood in the Music of the Group Mazap\u00e1n. Juan Carlos Poveda.<\/strong><\/em><\/p>\n<p style=\"text-align: justify;\">This book rescues and establishes the value of the Mazap\u00e1n group as creators of music for children, with a repertoire that brought into play resources and procedures originating from early European music, the traditional repertoire of different cultures, and popular music. There are many generations of children who have grown up singing and playing to the rhythm of Mazap\u00e1n.<\/p>\n<p><span style=\"color: #00cc00;\"><strong>Panelists<\/strong><\/span><\/p>\n<p><strong>Marisol Garc\u00eda, <\/strong>journalist and researcher in Chilean music. Master in Art, Thought and Culture (USACh).<\/p>\n<p><strong>Carmen Lavanchy,\u00a0<\/strong>musician and educator, founder of the Mazap\u00e1n Group.<\/p>\n<p><strong>Catalina Donoso Pinto,\u00a0<\/strong>academic at the University of Chile.<\/p>\n<p><strong>Daniela Banderas,\u00a0<\/strong>musicologist and psychologist, academic in the Department of Music at the University of La Serena.<\/p>\n<p><strong>Juan Carlos Poveda,\u00a0<\/strong>Master in Musicology and PhD in Latin American Studies (UCh). Academic at the UAH Institute of Music and author of the book.<\/p>\n<p><span style=\"color: #00cc00;\">Members of the Mazap\u00e1n group will attend the ceremony and treat attendees to the performance of a few songs.<\/span><\/p>\n<p><span style=\"color: #00cc00;\"><strong>\u2192 Learn about the book here<\/strong><\/span><\/p>\n<p><a href=\"https:\/\/ediciones.uahurtado.cl\/en\/product\/marzipan-childhoods\/\"><img decoding=\"async\" class=\"wp-image-21193\" title=\"High marzipan childhoods\" src=\"https:\/\/ediciones.uahurtado.cl\/wp-content\/uploads\/Infancias-de-mazapan-alta-scaled.jpg.webp\" alt=\"High marzipan childhoods\" width=\"150\" height=\"232\" srcset=\"https:\/\/ediciones.uahurtado.cl\/wp-content\/uploads\/Infancias-de-mazapan-alta-scaled.jpg 1653w, https:\/\/ediciones.uahurtado.cl\/wp-content\/uploads\/Infancias-de-mazapan-alta-768x1190.jpg 768w, https:\/\/ediciones.uahurtado.cl\/wp-content\/uploads\/Infancias-de-mazapan-alta-320x496.jpg 320w, https:\/\/ediciones.uahurtado.cl\/wp-content\/uploads\/Infancias-de-mazapan-alta-661x1024.jpg 661w, https:\/\/ediciones.uahurtado.cl\/wp-content\/uploads\/Infancias-de-mazapan-alta-992x1536.jpg 992w, https:\/\/ediciones.uahurtado.cl\/wp-content\/uploads\/Infancias-de-mazapan-alta-1322x2048.jpg 1322w, https:\/\/ediciones.uahurtado.cl\/wp-content\/uploads\/Infancias-de-mazapan-alta-300x465.jpg 300w, https:\/\/ediciones.uahurtado.cl\/wp-content\/uploads\/Infancias-de-mazapan-alta-64x99.jpg 64w\" sizes=\"(max-width: 150px) 100vw, 150px\" \/><\/a><\/p>","protected":false},"excerpt":{"rendered":"<p>Tuesday 10\/24 \u2192 6 PM \u2192 Campus B, Avenida Los Leones No. 1200 Universidad Alberto Hurtado. \u00abChildhoods of Mazap\u00e1n. Representations of childhood in the music of the group Mazap\u00e1n. Juan Carlos Poveda.\u00bb This book rescues and situates the value of the group Mazap\u00e1n as a creator of music for children, with a repertoire that employed resources...<\/p>","protected":false},"author":2900,"featured_media":21290,"comment_status":"closed","ping_status":"closed","sticky":false,"template":"","format":"standard","meta":{"_acf_changed":false,"footnotes":""},"categories":[94],"tags":[840,900,110,901],"class_list":["post-21289","post","type-post","status-publish","format-standard","has-post-thumbnail","hentry","category-lanzamientos","tag-chile","tag-infancia","tag-lanzamiento","tag-musica-infantil"],"acf":[],"yoast_head":"<!-- This site is optimized with the Yoast SEO plugin v28.3 - https:\/\/yoast.com\/product\/yoast-seo-wordpress\/ -->\n<title>Lanzamiento \/ Infancias de Mazap\u00e1n. Representaciones de infancia en la m\u00fasica del grupo Mazap\u00e1n. - Ediciones UAH<\/title>\n<meta name=\"description\" content=\"lanzamiento del libro Infancias de Mazap\u00e1n\" \/>\n<meta name=\"robots\" content=\"index, follow, max-snippet:-1, max-image-preview:large, max-video-preview:-1\" \/>\n<link rel=\"canonical\" href=\"https:\/\/ediciones.uahurtado.cl\/en\/mazapan-childhoods-launch-representations-of-childhood-in-the-music-of-the-group-mazapan\/\" \/>\n<meta property=\"og:locale\" content=\"en_US\" \/>\n<meta property=\"og:type\" content=\"article\" \/>\n<meta property=\"og:title\" content=\"Lanzamiento \/ Infancias de Mazap\u00e1n. Representaciones de infancia en la m\u00fasica del grupo Mazap\u00e1n. - Ediciones UAH\" \/>\n<meta property=\"og:description\" content=\"lanzamiento del libro Infancias de Mazap\u00e1n\" \/>\n<meta property=\"og:url\" content=\"https:\/\/ediciones.uahurtado.cl\/en\/mazapan-childhoods-launch-representations-of-childhood-in-the-music-of-the-group-mazapan\/\" \/>\n<meta property=\"og:site_name\" content=\"Ediciones UAH\" \/>\n<meta property=\"article:publisher\" content=\"https:\/\/www.facebook.com\/edicionesuah?_rdc=2&amp;_rdr\" \/>\n<meta property=\"article:published_time\" content=\"2023-10-18T13:36:25+00:00\" \/>\n<meta property=\"article:modified_time\" content=\"2023-10-18T13:41:30+00:00\" \/>\n<meta property=\"og:image\" content=\"https:\/\/ediciones.uahurtado.cl\/wp-content\/uploads\/invitacion-lanzamiento-mazapan.jpg\" \/>\n\t<meta property=\"og:image:width\" content=\"600\" \/>\n\t<meta property=\"og:image:height\" content=\"351\" \/>\n\t<meta property=\"og:image:type\" content=\"image\/jpeg\" \/>\n<meta name=\"author\" content=\"MABEL RIVERA\" \/>\n<meta name=\"twitter:card\" content=\"summary_large_image\" \/>\n<meta name=\"twitter:label1\" content=\"Written by\" \/>\n\t<meta name=\"twitter:data1\" content=\"MABEL RIVERA\" \/>\n\t<meta name=\"twitter:label2\" content=\"Est. reading time\" \/>\n\t<meta name=\"twitter:data2\" content=\"2 minutes\" \/>\n<script type=\"application\/ld+json\" class=\"yoast-schema-graph\">{\"@context\":\"https:\\\/\\\/schema.org\",\"@graph\":[{\"@type\":\"Article\",\"@id\":\"https:\\\/\\\/ediciones.uahurtado.cl\\\/lanzamiento-infancias-de-mazapan-representaciones-de-infancia-en-la-musica-del-grupo-mazapan\\\/#article\",\"isPartOf\":{\"@id\":\"https:\\\/\\\/ediciones.uahurtado.cl\\\/lanzamiento-infancias-de-mazapan-representaciones-de-infancia-en-la-musica-del-grupo-mazapan\\\/\"},\"author\":{\"name\":\"MABEL RIVERA\",\"@id\":\"https:\\\/\\\/ediciones.uahurtado.cl\\\/#\\\/schema\\\/person\\\/8748691bfd41989e2cd5bdc2a089640b\"},\"headline\":\"Lanzamiento \\\/ Infancias de Mazap\u00e1n. Representaciones de infancia en la m\u00fasica del grupo Mazap\u00e1n.\",\"datePublished\":\"2023-10-18T13:36:25+00:00\",\"dateModified\":\"2023-10-18T13:41:30+00:00\",\"mainEntityOfPage\":{\"@id\":\"https:\\\/\\\/ediciones.uahurtado.cl\\\/lanzamiento-infancias-de-mazapan-representaciones-de-infancia-en-la-musica-del-grupo-mazapan\\\/\"},\"wordCount\":223,\"publisher\":{\"@id\":\"https:\\\/\\\/ediciones.uahurtado.cl\\\/#organization\"},\"image\":{\"@id\":\"https:\\\/\\\/ediciones.uahurtado.cl\\\/lanzamiento-infancias-de-mazapan-representaciones-de-infancia-en-la-musica-del-grupo-mazapan\\\/#primaryimage\"},\"thumbnailUrl\":\"https:\\\/\\\/ediciones.uahurtado.cl\\\/wp-content\\\/uploads\\\/invitacion-lanzamiento-mazapan.jpg\",\"keywords\":[\"Chile\",\"infancia\",\"lanzamiento\",\"m\u00fasica infantil\"],\"articleSection\":[\"Lanzamientos\"],\"inLanguage\":\"en-US\"},{\"@type\":\"WebPage\",\"@id\":\"https:\\\/\\\/ediciones.uahurtado.cl\\\/lanzamiento-infancias-de-mazapan-representaciones-de-infancia-en-la-musica-del-grupo-mazapan\\\/\",\"url\":\"https:\\\/\\\/ediciones.uahurtado.cl\\\/lanzamiento-infancias-de-mazapan-representaciones-de-infancia-en-la-musica-del-grupo-mazapan\\\/\",\"name\":\"Lanzamiento \\\/ Infancias de Mazap\u00e1n. Representaciones de infancia en la m\u00fasica del grupo Mazap\u00e1n. - Ediciones UAH\",\"isPartOf\":{\"@id\":\"https:\\\/\\\/ediciones.uahurtado.cl\\\/#website\"},\"primaryImageOfPage\":{\"@id\":\"https:\\\/\\\/ediciones.uahurtado.cl\\\/lanzamiento-infancias-de-mazapan-representaciones-de-infancia-en-la-musica-del-grupo-mazapan\\\/#primaryimage\"},\"image\":{\"@id\":\"https:\\\/\\\/ediciones.uahurtado.cl\\\/lanzamiento-infancias-de-mazapan-representaciones-de-infancia-en-la-musica-del-grupo-mazapan\\\/#primaryimage\"},\"thumbnailUrl\":\"https:\\\/\\\/ediciones.uahurtado.cl\\\/wp-content\\\/uploads\\\/invitacion-lanzamiento-mazapan.jpg\",\"datePublished\":\"2023-10-18T13:36:25+00:00\",\"dateModified\":\"2023-10-18T13:41:30+00:00\",\"description\":\"lanzamiento del libro Infancias de Mazap\u00e1n\",\"breadcrumb\":{\"@id\":\"https:\\\/\\\/ediciones.uahurtado.cl\\\/lanzamiento-infancias-de-mazapan-representaciones-de-infancia-en-la-musica-del-grupo-mazapan\\\/#breadcrumb\"},\"inLanguage\":\"en-US\",\"potentialAction\":[{\"@type\":\"ReadAction\",\"target\":[\"https:\\\/\\\/ediciones.uahurtado.cl\\\/lanzamiento-infancias-de-mazapan-representaciones-de-infancia-en-la-musica-del-grupo-mazapan\\\/\"]}]},{\"@type\":\"ImageObject\",\"inLanguage\":\"en-US\",\"@id\":\"https:\\\/\\\/ediciones.uahurtado.cl\\\/lanzamiento-infancias-de-mazapan-representaciones-de-infancia-en-la-musica-del-grupo-mazapan\\\/#primaryimage\",\"url\":\"https:\\\/\\\/ediciones.uahurtado.cl\\\/wp-content\\\/uploads\\\/invitacion-lanzamiento-mazapan.jpg\",\"contentUrl\":\"https:\\\/\\\/ediciones.uahurtado.cl\\\/wp-content\\\/uploads\\\/invitacion-lanzamiento-mazapan.jpg\",\"width\":600,\"height\":351,\"caption\":\"invitacion lanzamiento mazapan\"},{\"@type\":\"BreadcrumbList\",\"@id\":\"https:\\\/\\\/ediciones.uahurtado.cl\\\/lanzamiento-infancias-de-mazapan-representaciones-de-infancia-en-la-musica-del-grupo-mazapan\\\/#breadcrumb\",\"itemListElement\":[{\"@type\":\"ListItem\",\"position\":1,\"name\":\"Portada\",\"item\":\"https:\\\/\\\/ediciones.uahurtado.cl\\\/\"},{\"@type\":\"ListItem\",\"position\":2,\"name\":\"Lanzamiento \\\/ Infancias de Mazap\u00e1n. Representaciones de infancia en la m\u00fasica del grupo Mazap\u00e1n.\"}]},{\"@type\":\"WebSite\",\"@id\":\"https:\\\/\\\/ediciones.uahurtado.cl\\\/#website\",\"url\":\"https:\\\/\\\/ediciones.uahurtado.cl\\\/\",\"name\":\"Ediciones UAH\",\"description\":\"Universidad Alberto Hurtado\",\"publisher\":{\"@id\":\"https:\\\/\\\/ediciones.uahurtado.cl\\\/#organization\"},\"potentialAction\":[{\"@type\":\"SearchAction\",\"target\":{\"@type\":\"EntryPoint\",\"urlTemplate\":\"https:\\\/\\\/ediciones.uahurtado.cl\\\/?s={search_term_string}\"},\"query-input\":{\"@type\":\"PropertyValueSpecification\",\"valueRequired\":true,\"valueName\":\"search_term_string\"}}],\"inLanguage\":\"en-US\"},{\"@type\":\"Organization\",\"@id\":\"https:\\\/\\\/ediciones.uahurtado.cl\\\/#organization\",\"name\":\"Ediciones UAH\",\"url\":\"https:\\\/\\\/ediciones.uahurtado.cl\\\/\",\"logo\":{\"@type\":\"ImageObject\",\"inLanguage\":\"en-US\",\"@id\":\"https:\\\/\\\/ediciones.uahurtado.cl\\\/#\\\/schema\\\/logo\\\/image\\\/\",\"url\":\"https:\\\/\\\/ediciones.uahurtado.cl\\\/wp-content\\\/uploads\\\/2022\\\/06\\\/logo-ediciones-UAH.png\",\"contentUrl\":\"https:\\\/\\\/ediciones.uahurtado.cl\\\/wp-content\\\/uploads\\\/2022\\\/06\\\/logo-ediciones-UAH.png\",\"width\":584,\"height\":128,\"caption\":\"Ediciones UAH\"},\"image\":{\"@id\":\"https:\\\/\\\/ediciones.uahurtado.cl\\\/#\\\/schema\\\/logo\\\/image\\\/\"},\"sameAs\":[\"https:\\\/\\\/www.facebook.com\\\/edicionesuah?_rdc=2&_rdr\"]},{\"@type\":\"Person\",\"@id\":\"https:\\\/\\\/ediciones.uahurtado.cl\\\/#\\\/schema\\\/person\\\/8748691bfd41989e2cd5bdc2a089640b\",\"name\":\"MABEL RIVERA\",\"url\":\"https:\\\/\\\/ediciones.uahurtado.cl\\\/en\\\/author\\\/admmabel\\\/\"}]}<\/script>\n<!-- \/ Yoast SEO plugin. -->","yoast_head_json":{"title":"Book Launch \/ Infancias de Mazap\u00e1n. Representations of childhood in the music of the Mazap\u00e1n group. - Ediciones UAH","description":"book launch of Infancias de Mazap\u00e1n","robots":{"index":"index","follow":"follow","max-snippet":"max-snippet:-1","max-image-preview":"max-image-preview:large","max-video-preview":"max-video-preview:-1"},"canonical":"https:\/\/ediciones.uahurtado.cl\/en\/mazapan-childhoods-launch-representations-of-childhood-in-the-music-of-the-group-mazapan\/","og_locale":"en_US","og_type":"article","og_title":"Lanzamiento \/ Infancias de Mazap\u00e1n. Representaciones de infancia en la m\u00fasica del grupo Mazap\u00e1n. - Ediciones UAH","og_description":"lanzamiento del libro Infancias de Mazap\u00e1n","og_url":"https:\/\/ediciones.uahurtado.cl\/en\/mazapan-childhoods-launch-representations-of-childhood-in-the-music-of-the-group-mazapan\/","og_site_name":"Ediciones UAH","article_publisher":"https:\/\/www.facebook.com\/edicionesuah?_rdc=2&_rdr","article_published_time":"2023-10-18T13:36:25+00:00","article_modified_time":"2023-10-18T13:41:30+00:00","og_image":[{"width":600,"height":351,"url":"https:\/\/ediciones.uahurtado.cl\/wp-content\/uploads\/invitacion-lanzamiento-mazapan.jpg","type":"image\/jpeg"}],"author":"MABEL RIVERA","twitter_card":"summary_large_image","twitter_misc":{"Written by":"MABEL RIVERA","Est. reading time":"2 minutes"},"schema":{"@context":"https:\/\/schema.org","@graph":[{"@type":"Article","@id":"https:\/\/ediciones.uahurtado.cl\/lanzamiento-infancias-de-mazapan-representaciones-de-infancia-en-la-musica-del-grupo-mazapan\/#article","isPartOf":{"@id":"https:\/\/ediciones.uahurtado.cl\/lanzamiento-infancias-de-mazapan-representaciones-de-infancia-en-la-musica-del-grupo-mazapan\/"},"author":{"name":"MABEL RIVERA","@id":"https:\/\/ediciones.uahurtado.cl\/#\/schema\/person\/8748691bfd41989e2cd5bdc2a089640b"},"headline":"Lanzamiento \/ Infancias de Mazap\u00e1n. Representaciones de infancia en la m\u00fasica del grupo Mazap\u00e1n.","datePublished":"2023-10-18T13:36:25+00:00","dateModified":"2023-10-18T13:41:30+00:00","mainEntityOfPage":{"@id":"https:\/\/ediciones.uahurtado.cl\/lanzamiento-infancias-de-mazapan-representaciones-de-infancia-en-la-musica-del-grupo-mazapan\/"},"wordCount":223,"publisher":{"@id":"https:\/\/ediciones.uahurtado.cl\/#organization"},"image":{"@id":"https:\/\/ediciones.uahurtado.cl\/lanzamiento-infancias-de-mazapan-representaciones-de-infancia-en-la-musica-del-grupo-mazapan\/#primaryimage"},"thumbnailUrl":"https:\/\/ediciones.uahurtado.cl\/wp-content\/uploads\/invitacion-lanzamiento-mazapan.jpg","keywords":["Chile","infancia","lanzamiento","m\u00fasica infantil"],"articleSection":["Lanzamientos"],"inLanguage":"en-US"},{"@type":"WebPage","@id":"https:\/\/ediciones.uahurtado.cl\/lanzamiento-infancias-de-mazapan-representaciones-de-infancia-en-la-musica-del-grupo-mazapan\/","url":"https:\/\/ediciones.uahurtado.cl\/lanzamiento-infancias-de-mazapan-representaciones-de-infancia-en-la-musica-del-grupo-mazapan\/","name":"Book Launch \/ Infancias de Mazap\u00e1n. Representations of childhood in the music of the Mazap\u00e1n group. - Ediciones UAH","isPartOf":{"@id":"https:\/\/ediciones.uahurtado.cl\/#website"},"primaryImageOfPage":{"@id":"https:\/\/ediciones.uahurtado.cl\/lanzamiento-infancias-de-mazapan-representaciones-de-infancia-en-la-musica-del-grupo-mazapan\/#primaryimage"},"image":{"@id":"https:\/\/ediciones.uahurtado.cl\/lanzamiento-infancias-de-mazapan-representaciones-de-infancia-en-la-musica-del-grupo-mazapan\/#primaryimage"},"thumbnailUrl":"https:\/\/ediciones.uahurtado.cl\/wp-content\/uploads\/invitacion-lanzamiento-mazapan.jpg","datePublished":"2023-10-18T13:36:25+00:00","dateModified":"2023-10-18T13:41:30+00:00","description":"book launch of Infancias de Mazap\u00e1n","breadcrumb":{"@id":"https:\/\/ediciones.uahurtado.cl\/lanzamiento-infancias-de-mazapan-representaciones-de-infancia-en-la-musica-del-grupo-mazapan\/#breadcrumb"},"inLanguage":"en-US","potentialAction":[{"@type":"ReadAction","target":["https:\/\/ediciones.uahurtado.cl\/lanzamiento-infancias-de-mazapan-representaciones-de-infancia-en-la-musica-del-grupo-mazapan\/"]}]},{"@type":"ImageObject","inLanguage":"en-US","@id":"https:\/\/ediciones.uahurtado.cl\/lanzamiento-infancias-de-mazapan-representaciones-de-infancia-en-la-musica-del-grupo-mazapan\/#primaryimage","url":"https:\/\/ediciones.uahurtado.cl\/wp-content\/uploads\/invitacion-lanzamiento-mazapan.jpg","contentUrl":"https:\/\/ediciones.uahurtado.cl\/wp-content\/uploads\/invitacion-lanzamiento-mazapan.jpg","width":600,"height":351,"caption":"invitacion lanzamiento mazapan"},{"@type":"BreadcrumbList","@id":"https:\/\/ediciones.uahurtado.cl\/lanzamiento-infancias-de-mazapan-representaciones-de-infancia-en-la-musica-del-grupo-mazapan\/#breadcrumb","itemListElement":[{"@type":"ListItem","position":1,"name":"Portada","item":"https:\/\/ediciones.uahurtado.cl\/"},{"@type":"ListItem","position":2,"name":"Lanzamiento \/ Infancias de Mazap\u00e1n. Representaciones de infancia en la m\u00fasica del grupo Mazap\u00e1n."}]},{"@type":"WebSite","@id":"https:\/\/ediciones.uahurtado.cl\/#website","url":"https:\/\/ediciones.uahurtado.cl\/","name":"UAH Editions","description":"Alberto Hurtado University","publisher":{"@id":"https:\/\/ediciones.uahurtado.cl\/#organization"},"potentialAction":[{"@type":"SearchAction","target":{"@type":"EntryPoint","urlTemplate":"https:\/\/ediciones.uahurtado.cl\/?s={search_term_string}"},"query-input":{"@type":"PropertyValueSpecification","valueRequired":true,"valueName":"search_term_string"}}],"inLanguage":"en-US"},{"@type":"Organization","@id":"https:\/\/ediciones.uahurtado.cl\/#organization","name":"UAH Editions","url":"https:\/\/ediciones.uahurtado.cl\/","logo":{"@type":"ImageObject","inLanguage":"en-US","@id":"https:\/\/ediciones.uahurtado.cl\/#\/schema\/logo\/image\/","url":"https:\/\/ediciones.uahurtado.cl\/wp-content\/uploads\/2022\/06\/logo-ediciones-UAH.png","contentUrl":"https:\/\/ediciones.uahurtado.cl\/wp-content\/uploads\/2022\/06\/logo-ediciones-UAH.png","width":584,"height":128,"caption":"Ediciones UAH"},"image":{"@id":"https:\/\/ediciones.uahurtado.cl\/#\/schema\/logo\/image\/"},"sameAs":["https:\/\/www.facebook.com\/edicionesuah?_rdc=2&_rdr"]},{"@type":"Person","@id":"https:\/\/ediciones.uahurtado.cl\/#\/schema\/person\/8748691bfd41989e2cd5bdc2a089640b","name":"Mabel Rivera","url":"https:\/\/ediciones.uahurtado.cl\/en\/author\/admmabel\/"}]}},"_links":{"self":[{"href":"https:\/\/ediciones.uahurtado.cl\/en\/wp-json\/wp\/v2\/posts\/21289","targetHints":{"allow":["GET"]}}],"collection":[{"href":"https:\/\/ediciones.uahurtado.cl\/en\/wp-json\/wp\/v2\/posts"}],"about":[{"href":"https:\/\/ediciones.uahurtado.cl\/en\/wp-json\/wp\/v2\/types\/post"}],"author":[{"embeddable":true,"href":"https:\/\/ediciones.uahurtado.cl\/en\/wp-json\/wp\/v2\/users\/2900"}],"replies":[{"embeddable":true,"href":"https:\/\/ediciones.uahurtado.cl\/en\/wp-json\/wp\/v2\/comments?post=21289"}],"version-history":[{"count":2,"href":"https:\/\/ediciones.uahurtado.cl\/en\/wp-json\/wp\/v2\/posts\/21289\/revisions"}],"predecessor-version":[{"id":21292,"href":"https:\/\/ediciones.uahurtado.cl\/en\/wp-json\/wp\/v2\/posts\/21289\/revisions\/21292"}],"wp:featuredmedia":[{"embeddable":true,"href":"https:\/\/ediciones.uahurtado.cl\/en\/wp-json\/wp\/v2\/media\/21290"}],"wp:attachment":[{"href":"https:\/\/ediciones.uahurtado.cl\/en\/wp-json\/wp\/v2\/media?parent=21289"}],"wp:term":[{"taxonomy":"category","embeddable":true,"href":"https:\/\/ediciones.uahurtado.cl\/en\/wp-json\/wp\/v2\/categories?post=21289"},{"taxonomy":"post_tag","embeddable":true,"href":"https:\/\/ediciones.uahurtado.cl\/en\/wp-json\/wp\/v2\/tags?post=21289"}],"curies":[{"name":"wp","href":"https:\/\/api.w.org\/{rel}","templated":true}]}}