{"id":22279,"date":"2024-10-17T13:29:20","date_gmt":"2024-10-17T17:29:20","guid":{"rendered":"https:\/\/ediciones.uahurtado.cl\/?p=22279"},"modified":"2024-10-17T13:29:29","modified_gmt":"2024-10-17T17:29:29","slug":"juan-eduardo-garcia-huidobro-launch","status":"publish","type":"post","link":"https:\/\/ediciones.uahurtado.cl\/en\/lanzamiento-juan-eduardo-garcia-huidobro\/","title":{"rendered":"Launch | Juan Eduardo Garc\u00eda-Huidobro. Education, politics, and faith for social justice."},"content":{"rendered":"<p><span style=\"color: #00cc00\"><strong>Tuesday, October 22 \u2192 6:30 PM <\/strong><strong>\u2192 Campus Oriente Extension Center PUC. Av. Jaime Guzm\u00e1n Err\u00e1zuriz 3300. Providencia.<\/strong><\/span><\/p>\n<p style=\"text-align: justify\"><strong>\u00abJuan Eduardo Garc\u00eda-Huidobro. Education, politics and faith for social justice. Editors Cristobal Madero SJ, Mar\u00eda Teresa Rojas and Camila P\u00e9rez.<\/strong><\/p>\n<p style=\"text-align: justify\">The launch will take place as part of the <strong>6th Interdisciplinary Congress on Educational Research (CIIE) <\/strong>which will take place on October 22, 23, and 24 at the PUC Oriente Campus.<\/p>\n<p style=\"text-align: justify\">This book pays tribute to the National Prize in Education Sciences, founder and Professor Emeritus of the Faculty of Education at the Universidad Alberto Hurtado, who participated in various reform processes of the educational system in Chile and Latin America, particularly highlighting his contribution to the development of popular education and social justice.<\/p>\n<p><span style=\"color: #00cc00\"><strong>\u2192 Participants<\/strong><\/span><\/p>\n<p><strong>Adriana Delpiano<\/strong>. Former Minister of Education (2015\u20132018)<\/p>\n<p><strong>Crist\u00e1n del Campo SJ. <\/strong>Rector of the Alberto Hurtado University,<\/p>\n<p><strong>Marisol Latorre.<\/strong> Dean of the Faculty of Education of the UAH.<\/p>\n<p><span style=\"color: #00cc00\"><strong>\u2192 Learn about the book here<\/strong><\/span><\/p>\n<p><a href=\"https:\/\/ediciones.uahurtado.cl\/en\/product\/juan-eduardo-garcia-huidobro\/\"><img decoding=\"async\" class=\"wp-image-22245\" title=\"Juan Eduardo Garc\u00eda Huidobro web\" src=\"https:\/\/ediciones.uahurtado.cl\/wp-content\/uploads\/woocommerce_uploads\/juan-eduardo-garcia-huidobro-web-suak35-320x485.jpg.webp\" alt=\"Juan Eduardo Garc\u00eda Huidobro web\" width=\"179\" height=\"271\" srcset=\"https:\/\/ediciones.uahurtado.cl\/wp-content\/uploads\/woocommerce_uploads\/juan-eduardo-garcia-huidobro-web-suak35-320x485.jpg 320w, https:\/\/ediciones.uahurtado.cl\/wp-content\/uploads\/woocommerce_uploads\/juan-eduardo-garcia-huidobro-web-suak35-300x455.jpg 300w, https:\/\/ediciones.uahurtado.cl\/wp-content\/uploads\/woocommerce_uploads\/juan-eduardo-garcia-huidobro-web-suak35-64x97.jpg 64w, https:\/\/ediciones.uahurtado.cl\/wp-content\/uploads\/woocommerce_uploads\/juan-eduardo-garcia-huidobro-web-suak35.jpg 400w\" sizes=\"(max-width: 179px) 100vw, 179px\" \/><\/a><\/p>","protected":false},"excerpt":{"rendered":"<p>Tuesday, October 22 \u2192 6:30 PM \u2192 PUC Campus Oriente Extension Center. Av. Jaime Guzm\u00e1n Err\u00e1zuriz 3300. Providencia. \u00abJuan Eduardo Garc\u00eda-Huidobro. Education, politics, and faith for social justice. Editors Cristobal Madero SJ, Mar\u00eda Teresa Rojas, and Camila P\u00e9rez.\u00bb The launch will take place within the framework of the VI Interdisciplinary Congress on Educational Research\u2026<\/p>","protected":false},"author":2901,"featured_media":22281,"comment_status":"closed","ping_status":"closed","sticky":false,"template":"","format":"standard","meta":{"_acf_changed":false,"footnotes":""},"categories":[94],"tags":[1023,110,1021],"class_list":["post-22279","post","type-post","status-publish","format-standard","has-post-thumbnail","hentry","category-lanzamientos","tag-juan-eduardo-garcia-huidobro","tag-lanzamiento","tag-premio-nacional-de-educacion"],"acf":[],"yoast_head":"<!-- This site is optimized with the Yoast SEO plugin v28.3 - https:\/\/yoast.com\/product\/yoast-seo-wordpress\/ -->\n<title>Lanzamiento | Juan Eduardo Garc\u00eda-Huidobro. Educaci\u00f3n, pol\u00edtica y fe para la justicia social. - Ediciones UAH<\/title>\n<meta name=\"robots\" content=\"index, follow, max-snippet:-1, max-image-preview:large, max-video-preview:-1\" \/>\n<link rel=\"canonical\" href=\"https:\/\/ediciones.uahurtado.cl\/en\/juan-eduardo-garcia-huidobro-launch\/\" \/>\n<meta property=\"og:locale\" content=\"en_US\" \/>\n<meta property=\"og:type\" content=\"article\" \/>\n<meta property=\"og:title\" content=\"Lanzamiento | Juan Eduardo Garc\u00eda-Huidobro. Educaci\u00f3n, pol\u00edtica y fe para la justicia social. - Ediciones UAH\" \/>\n<meta property=\"og:description\" content=\"Martes 22 de octubre \u2192 18:30 h \u2192 Centro de extensi\u00f3n Campus Oriente PUC. Av. Jaime Guzm\u00e1n Err\u00e1zuriz 3300. Providencia. \u00abJuan Eduardo Garc\u00eda-Huidobro. Educaci\u00f3n, pol\u00edtica y fe para la justicia social. Editores Cirstobal Madero SJ, Mar\u00eda Teresa Rojas y Camila P\u00e9rez\u00bb. El lanzamiento ser\u00e1 en el marco del VI Congreso Interdisciplinario de Investigaci\u00f3n en Educaci\u00f3n...\" \/>\n<meta property=\"og:url\" content=\"https:\/\/ediciones.uahurtado.cl\/en\/juan-eduardo-garcia-huidobro-launch\/\" \/>\n<meta property=\"og:site_name\" content=\"Ediciones UAH\" \/>\n<meta property=\"article:publisher\" content=\"https:\/\/www.facebook.com\/edicionesuah?_rdc=2&amp;_rdr\" \/>\n<meta property=\"article:published_time\" content=\"2024-10-17T17:29:20+00:00\" \/>\n<meta property=\"article:modified_time\" content=\"2024-10-17T17:29:29+00:00\" \/>\n<meta property=\"og:image\" content=\"https:\/\/ediciones.uahurtado.cl\/wp-content\/uploads\/baner-lanzamiento-JEGH.png\" \/>\n\t<meta property=\"og:image:width\" content=\"1640\" \/>\n\t<meta property=\"og:image:height\" content=\"924\" \/>\n\t<meta property=\"og:image:type\" content=\"image\/png\" \/>\n<meta name=\"author\" content=\"gestion ventas\" \/>\n<meta name=\"twitter:card\" content=\"summary_large_image\" \/>\n<meta name=\"twitter:label1\" content=\"Written by\" \/>\n\t<meta name=\"twitter:data1\" content=\"gestion ventas\" \/>\n\t<meta name=\"twitter:label2\" content=\"Est. reading time\" \/>\n\t<meta name=\"twitter:data2\" content=\"2 minutes\" \/>\n<script type=\"application\/ld+json\" class=\"yoast-schema-graph\">{\"@context\":\"https:\\\/\\\/schema.org\",\"@graph\":[{\"@type\":\"Article\",\"@id\":\"https:\\\/\\\/ediciones.uahurtado.cl\\\/lanzamiento-juan-eduardo-garcia-huidobro\\\/#article\",\"isPartOf\":{\"@id\":\"https:\\\/\\\/ediciones.uahurtado.cl\\\/lanzamiento-juan-eduardo-garcia-huidobro\\\/\"},\"author\":{\"name\":\"gestion ventas\",\"@id\":\"https:\\\/\\\/ediciones.uahurtado.cl\\\/#\\\/schema\\\/person\\\/f1c16f78ba72076eaf1bbb786ab6bf33\"},\"headline\":\"Lanzamiento | Juan Eduardo Garc\u00eda-Huidobro. Educaci\u00f3n, pol\u00edtica y fe para la justicia social.\",\"datePublished\":\"2024-10-17T17:29:20+00:00\",\"dateModified\":\"2024-10-17T17:29:29+00:00\",\"mainEntityOfPage\":{\"@id\":\"https:\\\/\\\/ediciones.uahurtado.cl\\\/lanzamiento-juan-eduardo-garcia-huidobro\\\/\"},\"wordCount\":188,\"publisher\":{\"@id\":\"https:\\\/\\\/ediciones.uahurtado.cl\\\/#organization\"},\"image\":{\"@id\":\"https:\\\/\\\/ediciones.uahurtado.cl\\\/lanzamiento-juan-eduardo-garcia-huidobro\\\/#primaryimage\"},\"thumbnailUrl\":\"https:\\\/\\\/ediciones.uahurtado.cl\\\/wp-content\\\/uploads\\\/baner-lanzamiento-JEGH.png\",\"keywords\":[\"Juan Eduardo Garc\u00eda-Huidobro\",\"lanzamiento\",\"premio nacional de educaci\u00f3n\"],\"articleSection\":[\"Lanzamientos\"],\"inLanguage\":\"en-US\"},{\"@type\":\"WebPage\",\"@id\":\"https:\\\/\\\/ediciones.uahurtado.cl\\\/lanzamiento-juan-eduardo-garcia-huidobro\\\/\",\"url\":\"https:\\\/\\\/ediciones.uahurtado.cl\\\/lanzamiento-juan-eduardo-garcia-huidobro\\\/\",\"name\":\"Lanzamiento | Juan Eduardo Garc\u00eda-Huidobro. Educaci\u00f3n, pol\u00edtica y fe para la justicia social. - Ediciones UAH\",\"isPartOf\":{\"@id\":\"https:\\\/\\\/ediciones.uahurtado.cl\\\/#website\"},\"primaryImageOfPage\":{\"@id\":\"https:\\\/\\\/ediciones.uahurtado.cl\\\/lanzamiento-juan-eduardo-garcia-huidobro\\\/#primaryimage\"},\"image\":{\"@id\":\"https:\\\/\\\/ediciones.uahurtado.cl\\\/lanzamiento-juan-eduardo-garcia-huidobro\\\/#primaryimage\"},\"thumbnailUrl\":\"https:\\\/\\\/ediciones.uahurtado.cl\\\/wp-content\\\/uploads\\\/baner-lanzamiento-JEGH.png\",\"datePublished\":\"2024-10-17T17:29:20+00:00\",\"dateModified\":\"2024-10-17T17:29:29+00:00\",\"breadcrumb\":{\"@id\":\"https:\\\/\\\/ediciones.uahurtado.cl\\\/lanzamiento-juan-eduardo-garcia-huidobro\\\/#breadcrumb\"},\"inLanguage\":\"en-US\",\"potentialAction\":[{\"@type\":\"ReadAction\",\"target\":[\"https:\\\/\\\/ediciones.uahurtado.cl\\\/lanzamiento-juan-eduardo-garcia-huidobro\\\/\"]}]},{\"@type\":\"ImageObject\",\"inLanguage\":\"en-US\",\"@id\":\"https:\\\/\\\/ediciones.uahurtado.cl\\\/lanzamiento-juan-eduardo-garcia-huidobro\\\/#primaryimage\",\"url\":\"https:\\\/\\\/ediciones.uahurtado.cl\\\/wp-content\\\/uploads\\\/baner-lanzamiento-JEGH.png\",\"contentUrl\":\"https:\\\/\\\/ediciones.uahurtado.cl\\\/wp-content\\\/uploads\\\/baner-lanzamiento-JEGH.png\",\"width\":1640,\"height\":924,\"caption\":\"Lanzamiento\"},{\"@type\":\"BreadcrumbList\",\"@id\":\"https:\\\/\\\/ediciones.uahurtado.cl\\\/lanzamiento-juan-eduardo-garcia-huidobro\\\/#breadcrumb\",\"itemListElement\":[{\"@type\":\"ListItem\",\"position\":1,\"name\":\"Portada\",\"item\":\"https:\\\/\\\/ediciones.uahurtado.cl\\\/\"},{\"@type\":\"ListItem\",\"position\":2,\"name\":\"Lanzamiento | Juan Eduardo Garc\u00eda-Huidobro. Educaci\u00f3n, pol\u00edtica y fe para la justicia social.\"}]},{\"@type\":\"WebSite\",\"@id\":\"https:\\\/\\\/ediciones.uahurtado.cl\\\/#website\",\"url\":\"https:\\\/\\\/ediciones.uahurtado.cl\\\/\",\"name\":\"Ediciones UAH\",\"description\":\"Universidad Alberto Hurtado\",\"publisher\":{\"@id\":\"https:\\\/\\\/ediciones.uahurtado.cl\\\/#organization\"},\"potentialAction\":[{\"@type\":\"SearchAction\",\"target\":{\"@type\":\"EntryPoint\",\"urlTemplate\":\"https:\\\/\\\/ediciones.uahurtado.cl\\\/?s={search_term_string}\"},\"query-input\":{\"@type\":\"PropertyValueSpecification\",\"valueRequired\":true,\"valueName\":\"search_term_string\"}}],\"inLanguage\":\"en-US\"},{\"@type\":\"Organization\",\"@id\":\"https:\\\/\\\/ediciones.uahurtado.cl\\\/#organization\",\"name\":\"Ediciones UAH\",\"url\":\"https:\\\/\\\/ediciones.uahurtado.cl\\\/\",\"logo\":{\"@type\":\"ImageObject\",\"inLanguage\":\"en-US\",\"@id\":\"https:\\\/\\\/ediciones.uahurtado.cl\\\/#\\\/schema\\\/logo\\\/image\\\/\",\"url\":\"https:\\\/\\\/ediciones.uahurtado.cl\\\/wp-content\\\/uploads\\\/2022\\\/06\\\/logo-ediciones-UAH.png\",\"contentUrl\":\"https:\\\/\\\/ediciones.uahurtado.cl\\\/wp-content\\\/uploads\\\/2022\\\/06\\\/logo-ediciones-UAH.png\",\"width\":584,\"height\":128,\"caption\":\"Ediciones UAH\"},\"image\":{\"@id\":\"https:\\\/\\\/ediciones.uahurtado.cl\\\/#\\\/schema\\\/logo\\\/image\\\/\"},\"sameAs\":[\"https:\\\/\\\/www.facebook.com\\\/edicionesuah?_rdc=2&_rdr\"]},{\"@type\":\"Person\",\"@id\":\"https:\\\/\\\/ediciones.uahurtado.cl\\\/#\\\/schema\\\/person\\\/f1c16f78ba72076eaf1bbb786ab6bf33\",\"name\":\"gestion ventas\",\"url\":\"https:\\\/\\\/ediciones.uahurtado.cl\\\/en\\\/author\\\/ventas_ediciones\\\/\"}]}<\/script>\n<!-- \/ Yoast SEO plugin. -->","yoast_head_json":{"title":"Launch | Juan Eduardo Garc\u00eda-Huidobro. Education, Politics, and Faith for Social Justice. - Ediciones UAH","robots":{"index":"index","follow":"follow","max-snippet":"max-snippet:-1","max-image-preview":"max-image-preview:large","max-video-preview":"max-video-preview:-1"},"canonical":"https:\/\/ediciones.uahurtado.cl\/en\/juan-eduardo-garcia-huidobro-launch\/","og_locale":"en_US","og_type":"article","og_title":"Lanzamiento | Juan Eduardo Garc\u00eda-Huidobro. Educaci\u00f3n, pol\u00edtica y fe para la justicia social. - Ediciones UAH","og_description":"Martes 22 de octubre \u2192 18:30 h \u2192 Centro de extensi\u00f3n Campus Oriente PUC. Av. Jaime Guzm\u00e1n Err\u00e1zuriz 3300. Providencia. \u00abJuan Eduardo Garc\u00eda-Huidobro. Educaci\u00f3n, pol\u00edtica y fe para la justicia social. Editores Cirstobal Madero SJ, Mar\u00eda Teresa Rojas y Camila P\u00e9rez\u00bb. El lanzamiento ser\u00e1 en el marco del VI Congreso Interdisciplinario de Investigaci\u00f3n en Educaci\u00f3n...","og_url":"https:\/\/ediciones.uahurtado.cl\/en\/juan-eduardo-garcia-huidobro-launch\/","og_site_name":"Ediciones UAH","article_publisher":"https:\/\/www.facebook.com\/edicionesuah?_rdc=2&_rdr","article_published_time":"2024-10-17T17:29:20+00:00","article_modified_time":"2024-10-17T17:29:29+00:00","og_image":[{"width":1640,"height":924,"url":"https:\/\/ediciones.uahurtado.cl\/wp-content\/uploads\/baner-lanzamiento-JEGH.png","type":"image\/png"}],"author":"gestion ventas","twitter_card":"summary_large_image","twitter_misc":{"Written by":"gestion ventas","Est. reading time":"2 minutes"},"schema":{"@context":"https:\/\/schema.org","@graph":[{"@type":"Article","@id":"https:\/\/ediciones.uahurtado.cl\/lanzamiento-juan-eduardo-garcia-huidobro\/#article","isPartOf":{"@id":"https:\/\/ediciones.uahurtado.cl\/lanzamiento-juan-eduardo-garcia-huidobro\/"},"author":{"name":"gestion ventas","@id":"https:\/\/ediciones.uahurtado.cl\/#\/schema\/person\/f1c16f78ba72076eaf1bbb786ab6bf33"},"headline":"Lanzamiento | Juan Eduardo Garc\u00eda-Huidobro. Educaci\u00f3n, pol\u00edtica y fe para la justicia social.","datePublished":"2024-10-17T17:29:20+00:00","dateModified":"2024-10-17T17:29:29+00:00","mainEntityOfPage":{"@id":"https:\/\/ediciones.uahurtado.cl\/lanzamiento-juan-eduardo-garcia-huidobro\/"},"wordCount":188,"publisher":{"@id":"https:\/\/ediciones.uahurtado.cl\/#organization"},"image":{"@id":"https:\/\/ediciones.uahurtado.cl\/lanzamiento-juan-eduardo-garcia-huidobro\/#primaryimage"},"thumbnailUrl":"https:\/\/ediciones.uahurtado.cl\/wp-content\/uploads\/baner-lanzamiento-JEGH.png","keywords":["Juan Eduardo Garc\u00eda-Huidobro","lanzamiento","premio nacional de educaci\u00f3n"],"articleSection":["Lanzamientos"],"inLanguage":"en-US"},{"@type":"WebPage","@id":"https:\/\/ediciones.uahurtado.cl\/lanzamiento-juan-eduardo-garcia-huidobro\/","url":"https:\/\/ediciones.uahurtado.cl\/lanzamiento-juan-eduardo-garcia-huidobro\/","name":"Launch | Juan Eduardo Garc\u00eda-Huidobro. Education, Politics, and Faith for Social Justice. - Ediciones UAH","isPartOf":{"@id":"https:\/\/ediciones.uahurtado.cl\/#website"},"primaryImageOfPage":{"@id":"https:\/\/ediciones.uahurtado.cl\/lanzamiento-juan-eduardo-garcia-huidobro\/#primaryimage"},"image":{"@id":"https:\/\/ediciones.uahurtado.cl\/lanzamiento-juan-eduardo-garcia-huidobro\/#primaryimage"},"thumbnailUrl":"https:\/\/ediciones.uahurtado.cl\/wp-content\/uploads\/baner-lanzamiento-JEGH.png","datePublished":"2024-10-17T17:29:20+00:00","dateModified":"2024-10-17T17:29:29+00:00","breadcrumb":{"@id":"https:\/\/ediciones.uahurtado.cl\/lanzamiento-juan-eduardo-garcia-huidobro\/#breadcrumb"},"inLanguage":"en-US","potentialAction":[{"@type":"ReadAction","target":["https:\/\/ediciones.uahurtado.cl\/lanzamiento-juan-eduardo-garcia-huidobro\/"]}]},{"@type":"ImageObject","inLanguage":"en-US","@id":"https:\/\/ediciones.uahurtado.cl\/lanzamiento-juan-eduardo-garcia-huidobro\/#primaryimage","url":"https:\/\/ediciones.uahurtado.cl\/wp-content\/uploads\/baner-lanzamiento-JEGH.png","contentUrl":"https:\/\/ediciones.uahurtado.cl\/wp-content\/uploads\/baner-lanzamiento-JEGH.png","width":1640,"height":924,"caption":"Lanzamiento"},{"@type":"BreadcrumbList","@id":"https:\/\/ediciones.uahurtado.cl\/lanzamiento-juan-eduardo-garcia-huidobro\/#breadcrumb","itemListElement":[{"@type":"ListItem","position":1,"name":"Portada","item":"https:\/\/ediciones.uahurtado.cl\/"},{"@type":"ListItem","position":2,"name":"Lanzamiento | Juan Eduardo Garc\u00eda-Huidobro. Educaci\u00f3n, pol\u00edtica y fe para la justicia social."}]},{"@type":"WebSite","@id":"https:\/\/ediciones.uahurtado.cl\/#website","url":"https:\/\/ediciones.uahurtado.cl\/","name":"UAH Editions","description":"Alberto Hurtado University","publisher":{"@id":"https:\/\/ediciones.uahurtado.cl\/#organization"},"potentialAction":[{"@type":"SearchAction","target":{"@type":"EntryPoint","urlTemplate":"https:\/\/ediciones.uahurtado.cl\/?s={search_term_string}"},"query-input":{"@type":"PropertyValueSpecification","valueRequired":true,"valueName":"search_term_string"}}],"inLanguage":"en-US"},{"@type":"Organization","@id":"https:\/\/ediciones.uahurtado.cl\/#organization","name":"UAH Editions","url":"https:\/\/ediciones.uahurtado.cl\/","logo":{"@type":"ImageObject","inLanguage":"en-US","@id":"https:\/\/ediciones.uahurtado.cl\/#\/schema\/logo\/image\/","url":"https:\/\/ediciones.uahurtado.cl\/wp-content\/uploads\/2022\/06\/logo-ediciones-UAH.png","contentUrl":"https:\/\/ediciones.uahurtado.cl\/wp-content\/uploads\/2022\/06\/logo-ediciones-UAH.png","width":584,"height":128,"caption":"Ediciones UAH"},"image":{"@id":"https:\/\/ediciones.uahurtado.cl\/#\/schema\/logo\/image\/"},"sameAs":["https:\/\/www.facebook.com\/edicionesuah?_rdc=2&_rdr"]},{"@type":"Person","@id":"https:\/\/ediciones.uahurtado.cl\/#\/schema\/person\/f1c16f78ba72076eaf1bbb786ab6bf33","name":"Sales Management","url":"https:\/\/ediciones.uahurtado.cl\/en\/author\/ventas_ediciones\/"}]}},"_links":{"self":[{"href":"https:\/\/ediciones.uahurtado.cl\/en\/wp-json\/wp\/v2\/posts\/22279","targetHints":{"allow":["GET"]}}],"collection":[{"href":"https:\/\/ediciones.uahurtado.cl\/en\/wp-json\/wp\/v2\/posts"}],"about":[{"href":"https:\/\/ediciones.uahurtado.cl\/en\/wp-json\/wp\/v2\/types\/post"}],"author":[{"embeddable":true,"href":"https:\/\/ediciones.uahurtado.cl\/en\/wp-json\/wp\/v2\/users\/2901"}],"replies":[{"embeddable":true,"href":"https:\/\/ediciones.uahurtado.cl\/en\/wp-json\/wp\/v2\/comments?post=22279"}],"version-history":[{"count":4,"href":"https:\/\/ediciones.uahurtado.cl\/en\/wp-json\/wp\/v2\/posts\/22279\/revisions"}],"predecessor-version":[{"id":22289,"href":"https:\/\/ediciones.uahurtado.cl\/en\/wp-json\/wp\/v2\/posts\/22279\/revisions\/22289"}],"wp:featuredmedia":[{"embeddable":true,"href":"https:\/\/ediciones.uahurtado.cl\/en\/wp-json\/wp\/v2\/media\/22281"}],"wp:attachment":[{"href":"https:\/\/ediciones.uahurtado.cl\/en\/wp-json\/wp\/v2\/media?parent=22279"}],"wp:term":[{"taxonomy":"category","embeddable":true,"href":"https:\/\/ediciones.uahurtado.cl\/en\/wp-json\/wp\/v2\/categories?post=22279"},{"taxonomy":"post_tag","embeddable":true,"href":"https:\/\/ediciones.uahurtado.cl\/en\/wp-json\/wp\/v2\/tags?post=22279"}],"curies":[{"name":"wp","href":"https:\/\/api.w.org\/{rel}","templated":true}]}}