{"id":22645,"date":"2025-01-06T14:25:56","date_gmt":"2025-01-06T18:25:56","guid":{"rendered":"https:\/\/ediciones.uahurtado.cl\/?p=22645"},"modified":"2025-03-25T12:01:06","modified_gmt":"2025-03-25T16:01:06","slug":"chilean-cumbia-release-and-music-and-education-activism","status":"publish","type":"post","link":"https:\/\/ediciones.uahurtado.cl\/en\/lanzamiento-cumbia-chilena-y-activismo-musica-y-educacion\/","title":{"rendered":"Releases | Chilean Cumbia and Activism, Music and Education."},"content":{"rendered":"<p><span style=\"color: #00cc00;\"><strong>Monday, January 6 \u2192 17:00 hours, Aula Magna, Alberto Hurtado University<\/strong><strong> \u2192 Alameda 1825 Metro Los H\u00e9roes. Downtown Santiago.<\/strong><\/span><\/p>\n<p><strong>\u00abActivism, music, and education. <\/strong>Perspectives from Chilean reality and <strong>Chilean Cumbia. <\/strong>Records and sheet music of Los Vikings 5.\u00bb<\/p>\n<p>An afternoon full of music and reflection on music education from the perspective of activism. In this context, traditional pedagogical practices are not only questioned, but testimonies are also highlighted that demonstrate the existence and relevance of activist music pedagogies.<\/p>\n<p>Furthermore, from an ethnomusicological perspective, the ten most representative cumbias by Los Vikings 5 will be analyzed, addressing rhythmic, melodic, harmonic, timbral, interpretative, orchestrational, and structural aspects that allow for an understanding of the singularity of this iconic musical ensemble's cumbia.<\/p>\n<p><span style=\"color: #00cc00;\"><strong>\u2192 Participants<\/strong><\/span><\/p>\n<p><strong>Constanza Fuentes Landaeta. <\/strong>Researcher, musicologist, music teacher, arranger, composer, and author of\u00a0<em>Chilean Cumbia<\/em>.<\/p>\n<p><strong>Rolando Angel-Alvarado. <\/strong>Professor, international PhD in Humanities and Social Sciences, and editor of the book Activism, Music and Education.<\/p>\n<p><strong>Gisella Flores Mu\u00f1oz. <\/strong>Master in Music as Interdisciplinary Art from the University of Barcelona, Ph.D. candidate in Education, and academic at UMCE.<\/p>\n<p><strong>Jos\u00e9 \u00c1lamos G\u00f3mez. <\/strong>International PhD in Specific Didactics from the University of Valencia and UCSH academic.<\/p>\n<p><strong>Eileen Karmy. <\/strong>PhD in Musicology from the University of Glasgow and associate professor at UPLA.<\/p>\n<p><strong>Angel Nunez. <\/strong>Music Director of The Vikings 5.<\/p>\n<p><span style=\"color: #00cc00;\"><strong>\u2192 Moderate<\/strong><\/span><\/p>\n<p><strong>Daniela Fugellie. <\/strong>Director of the Institute of Music and Ph.D. in Musicology, Berlin University of the Arts.<\/p>\n<p><a href=\"https:\/\/ediciones.uahurtado.cl\/en\/product\/activism-music-and-education\/\"><img decoding=\"async\" class=\"wp-image-22539\" title=\"activism music education web\" src=\"https:\/\/ediciones.uahurtado.cl\/wp-content\/uploads\/activismo-musica-educacion-web.jpg.webp\" alt=\"activism music education web\" width=\"180\" height=\"278\" srcset=\"https:\/\/ediciones.uahurtado.cl\/wp-content\/uploads\/activismo-musica-educacion-web.jpg 388w, https:\/\/ediciones.uahurtado.cl\/wp-content\/uploads\/activismo-musica-educacion-web-320x495.jpg 320w, https:\/\/ediciones.uahurtado.cl\/wp-content\/uploads\/activismo-musica-educacion-web-300x464.jpg 300w, https:\/\/ediciones.uahurtado.cl\/wp-content\/uploads\/activismo-musica-educacion-web-64x99.jpg 64w\" sizes=\"(max-width: 180px) 100vw, 180px\" \/><\/a> <a href=\"https:\/\/ediciones.uahurtado.cl\/en\/product\/chilean-cumbia\/\"><img decoding=\"async\" class=\"wp-image-22220 alignright\" title=\"Chilean cumbia web\" src=\"https:\/\/ediciones.uahurtado.cl\/wp-content\/uploads\/cumbia-chilena-web-scaled.jpg.webp\" alt=\"Chilean cumbia web\" width=\"180\" height=\"252\" srcset=\"https:\/\/ediciones.uahurtado.cl\/wp-content\/uploads\/cumbia-chilena-web-scaled.jpg 1826w, https:\/\/ediciones.uahurtado.cl\/wp-content\/uploads\/cumbia-chilena-web-320x449.jpg 320w, https:\/\/ediciones.uahurtado.cl\/wp-content\/uploads\/cumbia-chilena-web-768x1077.jpg 768w, https:\/\/ediciones.uahurtado.cl\/wp-content\/uploads\/cumbia-chilena-web-730x1024.jpg 730w, https:\/\/ediciones.uahurtado.cl\/wp-content\/uploads\/cumbia-chilena-web-1096x1536.jpg 1096w, https:\/\/ediciones.uahurtado.cl\/wp-content\/uploads\/cumbia-chilena-web-1461x2048.jpg 1461w, https:\/\/ediciones.uahurtado.cl\/wp-content\/uploads\/cumbia-chilena-web-300x421.jpg 300w, https:\/\/ediciones.uahurtado.cl\/wp-content\/uploads\/cumbia-chilena-web-64x90.jpg 64w\" sizes=\"(max-width: 180px) 100vw, 180px\" \/><\/a><\/p>\n<p>&nbsp;<\/p>\n<p>&nbsp;<\/p>","protected":false},"excerpt":{"rendered":"<p>Monday, January 6 \u2192 5:00 PM, Aula Magna, Universidad Alberto Hurtado \u2192 Alameda 1825, Metro Los H\u00e9roes. Downtown Santiago. \u00abActivism, Music, and Education. Perspectives from Chilean Reality and Chilean Cumbia. Records and Scores of Los Vikings 5.\u00bb An afternoon filled with music and reflection on music education from the perspective\u2026<\/p>","protected":false},"author":2900,"featured_media":22649,"comment_status":"closed","ping_status":"closed","sticky":false,"template":"","format":"standard","meta":{"_acf_changed":false,"footnotes":""},"categories":[94],"tags":[1055,704,749,1057],"class_list":["post-22645","post","type-post","status-publish","format-standard","has-post-thumbnail","hentry","category-lanzamientos","tag-cumbia","tag-educacion","tag-musica","tag-viking-5"],"acf":[],"yoast_head":"<!-- This site is optimized with the Yoast SEO plugin v28.3 - https:\/\/yoast.com\/product\/yoast-seo-wordpress\/ -->\n<title>Lanzamientos | Cumbia chilena y Activismo, m\u00fasica y educaci\u00f3n. - Ediciones UAH<\/title>\n<meta name=\"robots\" content=\"index, follow, max-snippet:-1, max-image-preview:large, max-video-preview:-1\" \/>\n<link rel=\"canonical\" href=\"https:\/\/ediciones.uahurtado.cl\/en\/chilean-cumbia-release-and-music-and-education-activism\/\" \/>\n<meta property=\"og:locale\" content=\"en_US\" \/>\n<meta property=\"og:type\" content=\"article\" \/>\n<meta property=\"og:title\" content=\"Lanzamientos | Cumbia chilena y Activismo, m\u00fasica y educaci\u00f3n. - Ediciones UAH\" \/>\n<meta property=\"og:description\" content=\"Lunes 06 de enero \u2192 17:00 horas Aula Magna, Universidad Alberto Hurtado \u2192 Alameda 1825 Metro Los H\u00e9roes. Santiago centro. \u00abActivismo, m\u00fasica y educaci\u00f3n. Miradas desde la realidad chilena y Cumbia chilena. Registros y partituras de Los Vikings 5.\u00bb Una tarde llena de m\u00fasica y reflexi\u00f3n en torno a la educaci\u00f3n musical desde la perspectiva...\" \/>\n<meta property=\"og:url\" content=\"https:\/\/ediciones.uahurtado.cl\/en\/chilean-cumbia-release-and-music-and-education-activism\/\" \/>\n<meta property=\"og:site_name\" content=\"Ediciones UAH\" \/>\n<meta property=\"article:publisher\" content=\"https:\/\/www.facebook.com\/edicionesuah?_rdc=2&amp;_rdr\" \/>\n<meta property=\"article:published_time\" content=\"2025-01-06T18:25:56+00:00\" \/>\n<meta property=\"article:modified_time\" content=\"2025-03-25T16:01:06+00:00\" \/>\n<meta property=\"og:image\" content=\"https:\/\/ediciones.uahurtado.cl\/wp-content\/uploads\/portada-invitacion-lanzamiento-cumbia-act.png\" \/>\n\t<meta property=\"og:image:width\" content=\"1640\" \/>\n\t<meta property=\"og:image:height\" content=\"924\" \/>\n\t<meta property=\"og:image:type\" content=\"image\/png\" \/>\n<meta name=\"author\" content=\"MABEL RIVERA\" \/>\n<meta name=\"twitter:card\" content=\"summary_large_image\" \/>\n<meta name=\"twitter:label1\" content=\"Written by\" \/>\n\t<meta name=\"twitter:data1\" content=\"MABEL RIVERA\" \/>\n\t<meta name=\"twitter:label2\" content=\"Est. reading time\" \/>\n\t<meta name=\"twitter:data2\" content=\"2 minutes\" \/>\n<script type=\"application\/ld+json\" class=\"yoast-schema-graph\">{\"@context\":\"https:\\\/\\\/schema.org\",\"@graph\":[{\"@type\":\"Article\",\"@id\":\"https:\\\/\\\/ediciones.uahurtado.cl\\\/lanzamiento-cumbia-chilena-y-activismo-musica-y-educacion\\\/#article\",\"isPartOf\":{\"@id\":\"https:\\\/\\\/ediciones.uahurtado.cl\\\/lanzamiento-cumbia-chilena-y-activismo-musica-y-educacion\\\/\"},\"author\":{\"name\":\"MABEL RIVERA\",\"@id\":\"https:\\\/\\\/ediciones.uahurtado.cl\\\/#\\\/schema\\\/person\\\/8748691bfd41989e2cd5bdc2a089640b\"},\"headline\":\"Lanzamientos | Cumbia chilena y Activismo, m\u00fasica y educaci\u00f3n.\",\"datePublished\":\"2025-01-06T18:25:56+00:00\",\"dateModified\":\"2025-03-25T16:01:06+00:00\",\"mainEntityOfPage\":{\"@id\":\"https:\\\/\\\/ediciones.uahurtado.cl\\\/lanzamiento-cumbia-chilena-y-activismo-musica-y-educacion\\\/\"},\"wordCount\":280,\"publisher\":{\"@id\":\"https:\\\/\\\/ediciones.uahurtado.cl\\\/#organization\"},\"image\":{\"@id\":\"https:\\\/\\\/ediciones.uahurtado.cl\\\/lanzamiento-cumbia-chilena-y-activismo-musica-y-educacion\\\/#primaryimage\"},\"thumbnailUrl\":\"https:\\\/\\\/ediciones.uahurtado.cl\\\/wp-content\\\/uploads\\\/portada-invitacion-lanzamiento-cumbia-act.png\",\"keywords\":[\"cumbia\",\"educaci\u00f3n\",\"m\u00fasica\",\"Viking 5\"],\"articleSection\":[\"Lanzamientos\"],\"inLanguage\":\"en-US\"},{\"@type\":\"WebPage\",\"@id\":\"https:\\\/\\\/ediciones.uahurtado.cl\\\/lanzamiento-cumbia-chilena-y-activismo-musica-y-educacion\\\/\",\"url\":\"https:\\\/\\\/ediciones.uahurtado.cl\\\/lanzamiento-cumbia-chilena-y-activismo-musica-y-educacion\\\/\",\"name\":\"Lanzamientos | Cumbia chilena y Activismo, m\u00fasica y educaci\u00f3n. - Ediciones UAH\",\"isPartOf\":{\"@id\":\"https:\\\/\\\/ediciones.uahurtado.cl\\\/#website\"},\"primaryImageOfPage\":{\"@id\":\"https:\\\/\\\/ediciones.uahurtado.cl\\\/lanzamiento-cumbia-chilena-y-activismo-musica-y-educacion\\\/#primaryimage\"},\"image\":{\"@id\":\"https:\\\/\\\/ediciones.uahurtado.cl\\\/lanzamiento-cumbia-chilena-y-activismo-musica-y-educacion\\\/#primaryimage\"},\"thumbnailUrl\":\"https:\\\/\\\/ediciones.uahurtado.cl\\\/wp-content\\\/uploads\\\/portada-invitacion-lanzamiento-cumbia-act.png\",\"datePublished\":\"2025-01-06T18:25:56+00:00\",\"dateModified\":\"2025-03-25T16:01:06+00:00\",\"breadcrumb\":{\"@id\":\"https:\\\/\\\/ediciones.uahurtado.cl\\\/lanzamiento-cumbia-chilena-y-activismo-musica-y-educacion\\\/#breadcrumb\"},\"inLanguage\":\"en-US\",\"potentialAction\":[{\"@type\":\"ReadAction\",\"target\":[\"https:\\\/\\\/ediciones.uahurtado.cl\\\/lanzamiento-cumbia-chilena-y-activismo-musica-y-educacion\\\/\"]}]},{\"@type\":\"ImageObject\",\"inLanguage\":\"en-US\",\"@id\":\"https:\\\/\\\/ediciones.uahurtado.cl\\\/lanzamiento-cumbia-chilena-y-activismo-musica-y-educacion\\\/#primaryimage\",\"url\":\"https:\\\/\\\/ediciones.uahurtado.cl\\\/wp-content\\\/uploads\\\/portada-invitacion-lanzamiento-cumbia-act.png\",\"contentUrl\":\"https:\\\/\\\/ediciones.uahurtado.cl\\\/wp-content\\\/uploads\\\/portada-invitacion-lanzamiento-cumbia-act.png\",\"width\":1640,\"height\":924,\"caption\":\"portada invitacion lanzamiento cumbia act\"},{\"@type\":\"BreadcrumbList\",\"@id\":\"https:\\\/\\\/ediciones.uahurtado.cl\\\/lanzamiento-cumbia-chilena-y-activismo-musica-y-educacion\\\/#breadcrumb\",\"itemListElement\":[{\"@type\":\"ListItem\",\"position\":1,\"name\":\"Portada\",\"item\":\"https:\\\/\\\/ediciones.uahurtado.cl\\\/\"},{\"@type\":\"ListItem\",\"position\":2,\"name\":\"Lanzamientos | Cumbia chilena y Activismo, m\u00fasica y educaci\u00f3n.\"}]},{\"@type\":\"WebSite\",\"@id\":\"https:\\\/\\\/ediciones.uahurtado.cl\\\/#website\",\"url\":\"https:\\\/\\\/ediciones.uahurtado.cl\\\/\",\"name\":\"Ediciones UAH\",\"description\":\"Universidad Alberto Hurtado\",\"publisher\":{\"@id\":\"https:\\\/\\\/ediciones.uahurtado.cl\\\/#organization\"},\"potentialAction\":[{\"@type\":\"SearchAction\",\"target\":{\"@type\":\"EntryPoint\",\"urlTemplate\":\"https:\\\/\\\/ediciones.uahurtado.cl\\\/?s={search_term_string}\"},\"query-input\":{\"@type\":\"PropertyValueSpecification\",\"valueRequired\":true,\"valueName\":\"search_term_string\"}}],\"inLanguage\":\"en-US\"},{\"@type\":\"Organization\",\"@id\":\"https:\\\/\\\/ediciones.uahurtado.cl\\\/#organization\",\"name\":\"Ediciones UAH\",\"url\":\"https:\\\/\\\/ediciones.uahurtado.cl\\\/\",\"logo\":{\"@type\":\"ImageObject\",\"inLanguage\":\"en-US\",\"@id\":\"https:\\\/\\\/ediciones.uahurtado.cl\\\/#\\\/schema\\\/logo\\\/image\\\/\",\"url\":\"https:\\\/\\\/ediciones.uahurtado.cl\\\/wp-content\\\/uploads\\\/2022\\\/06\\\/logo-ediciones-UAH.png\",\"contentUrl\":\"https:\\\/\\\/ediciones.uahurtado.cl\\\/wp-content\\\/uploads\\\/2022\\\/06\\\/logo-ediciones-UAH.png\",\"width\":584,\"height\":128,\"caption\":\"Ediciones UAH\"},\"image\":{\"@id\":\"https:\\\/\\\/ediciones.uahurtado.cl\\\/#\\\/schema\\\/logo\\\/image\\\/\"},\"sameAs\":[\"https:\\\/\\\/www.facebook.com\\\/edicionesuah?_rdc=2&_rdr\"]},{\"@type\":\"Person\",\"@id\":\"https:\\\/\\\/ediciones.uahurtado.cl\\\/#\\\/schema\\\/person\\\/8748691bfd41989e2cd5bdc2a089640b\",\"name\":\"MABEL RIVERA\",\"url\":\"https:\\\/\\\/ediciones.uahurtado.cl\\\/en\\\/author\\\/admmabel\\\/\"}]}<\/script>\n<!-- \/ Yoast SEO plugin. -->","yoast_head_json":{"title":"Releases | Chilean Cumbia and Activism, music and education. - Ediciones UAH","robots":{"index":"index","follow":"follow","max-snippet":"max-snippet:-1","max-image-preview":"max-image-preview:large","max-video-preview":"max-video-preview:-1"},"canonical":"https:\/\/ediciones.uahurtado.cl\/en\/chilean-cumbia-release-and-music-and-education-activism\/","og_locale":"en_US","og_type":"article","og_title":"Lanzamientos | Cumbia chilena y Activismo, m\u00fasica y educaci\u00f3n. - Ediciones UAH","og_description":"Lunes 06 de enero \u2192 17:00 horas Aula Magna, Universidad Alberto Hurtado \u2192 Alameda 1825 Metro Los H\u00e9roes. Santiago centro. \u00abActivismo, m\u00fasica y educaci\u00f3n. Miradas desde la realidad chilena y Cumbia chilena. Registros y partituras de Los Vikings 5.\u00bb Una tarde llena de m\u00fasica y reflexi\u00f3n en torno a la educaci\u00f3n musical desde la perspectiva...","og_url":"https:\/\/ediciones.uahurtado.cl\/en\/chilean-cumbia-release-and-music-and-education-activism\/","og_site_name":"Ediciones UAH","article_publisher":"https:\/\/www.facebook.com\/edicionesuah?_rdc=2&_rdr","article_published_time":"2025-01-06T18:25:56+00:00","article_modified_time":"2025-03-25T16:01:06+00:00","og_image":[{"width":1640,"height":924,"url":"https:\/\/ediciones.uahurtado.cl\/wp-content\/uploads\/portada-invitacion-lanzamiento-cumbia-act.png","type":"image\/png"}],"author":"MABEL RIVERA","twitter_card":"summary_large_image","twitter_misc":{"Written by":"MABEL RIVERA","Est. reading time":"2 minutes"},"schema":{"@context":"https:\/\/schema.org","@graph":[{"@type":"Article","@id":"https:\/\/ediciones.uahurtado.cl\/lanzamiento-cumbia-chilena-y-activismo-musica-y-educacion\/#article","isPartOf":{"@id":"https:\/\/ediciones.uahurtado.cl\/lanzamiento-cumbia-chilena-y-activismo-musica-y-educacion\/"},"author":{"name":"MABEL RIVERA","@id":"https:\/\/ediciones.uahurtado.cl\/#\/schema\/person\/8748691bfd41989e2cd5bdc2a089640b"},"headline":"Lanzamientos | Cumbia chilena y Activismo, m\u00fasica y educaci\u00f3n.","datePublished":"2025-01-06T18:25:56+00:00","dateModified":"2025-03-25T16:01:06+00:00","mainEntityOfPage":{"@id":"https:\/\/ediciones.uahurtado.cl\/lanzamiento-cumbia-chilena-y-activismo-musica-y-educacion\/"},"wordCount":280,"publisher":{"@id":"https:\/\/ediciones.uahurtado.cl\/#organization"},"image":{"@id":"https:\/\/ediciones.uahurtado.cl\/lanzamiento-cumbia-chilena-y-activismo-musica-y-educacion\/#primaryimage"},"thumbnailUrl":"https:\/\/ediciones.uahurtado.cl\/wp-content\/uploads\/portada-invitacion-lanzamiento-cumbia-act.png","keywords":["cumbia","educaci\u00f3n","m\u00fasica","Viking 5"],"articleSection":["Lanzamientos"],"inLanguage":"en-US"},{"@type":"WebPage","@id":"https:\/\/ediciones.uahurtado.cl\/lanzamiento-cumbia-chilena-y-activismo-musica-y-educacion\/","url":"https:\/\/ediciones.uahurtado.cl\/lanzamiento-cumbia-chilena-y-activismo-musica-y-educacion\/","name":"Releases | Chilean Cumbia and Activism, music and education. - Ediciones UAH","isPartOf":{"@id":"https:\/\/ediciones.uahurtado.cl\/#website"},"primaryImageOfPage":{"@id":"https:\/\/ediciones.uahurtado.cl\/lanzamiento-cumbia-chilena-y-activismo-musica-y-educacion\/#primaryimage"},"image":{"@id":"https:\/\/ediciones.uahurtado.cl\/lanzamiento-cumbia-chilena-y-activismo-musica-y-educacion\/#primaryimage"},"thumbnailUrl":"https:\/\/ediciones.uahurtado.cl\/wp-content\/uploads\/portada-invitacion-lanzamiento-cumbia-act.png","datePublished":"2025-01-06T18:25:56+00:00","dateModified":"2025-03-25T16:01:06+00:00","breadcrumb":{"@id":"https:\/\/ediciones.uahurtado.cl\/lanzamiento-cumbia-chilena-y-activismo-musica-y-educacion\/#breadcrumb"},"inLanguage":"en-US","potentialAction":[{"@type":"ReadAction","target":["https:\/\/ediciones.uahurtado.cl\/lanzamiento-cumbia-chilena-y-activismo-musica-y-educacion\/"]}]},{"@type":"ImageObject","inLanguage":"en-US","@id":"https:\/\/ediciones.uahurtado.cl\/lanzamiento-cumbia-chilena-y-activismo-musica-y-educacion\/#primaryimage","url":"https:\/\/ediciones.uahurtado.cl\/wp-content\/uploads\/portada-invitacion-lanzamiento-cumbia-act.png","contentUrl":"https:\/\/ediciones.uahurtado.cl\/wp-content\/uploads\/portada-invitacion-lanzamiento-cumbia-act.png","width":1640,"height":924,"caption":"portada invitacion lanzamiento cumbia act"},{"@type":"BreadcrumbList","@id":"https:\/\/ediciones.uahurtado.cl\/lanzamiento-cumbia-chilena-y-activismo-musica-y-educacion\/#breadcrumb","itemListElement":[{"@type":"ListItem","position":1,"name":"Portada","item":"https:\/\/ediciones.uahurtado.cl\/"},{"@type":"ListItem","position":2,"name":"Lanzamientos | Cumbia chilena y Activismo, m\u00fasica y educaci\u00f3n."}]},{"@type":"WebSite","@id":"https:\/\/ediciones.uahurtado.cl\/#website","url":"https:\/\/ediciones.uahurtado.cl\/","name":"UAH Editions","description":"Alberto Hurtado University","publisher":{"@id":"https:\/\/ediciones.uahurtado.cl\/#organization"},"potentialAction":[{"@type":"SearchAction","target":{"@type":"EntryPoint","urlTemplate":"https:\/\/ediciones.uahurtado.cl\/?s={search_term_string}"},"query-input":{"@type":"PropertyValueSpecification","valueRequired":true,"valueName":"search_term_string"}}],"inLanguage":"en-US"},{"@type":"Organization","@id":"https:\/\/ediciones.uahurtado.cl\/#organization","name":"UAH Editions","url":"https:\/\/ediciones.uahurtado.cl\/","logo":{"@type":"ImageObject","inLanguage":"en-US","@id":"https:\/\/ediciones.uahurtado.cl\/#\/schema\/logo\/image\/","url":"https:\/\/ediciones.uahurtado.cl\/wp-content\/uploads\/2022\/06\/logo-ediciones-UAH.png","contentUrl":"https:\/\/ediciones.uahurtado.cl\/wp-content\/uploads\/2022\/06\/logo-ediciones-UAH.png","width":584,"height":128,"caption":"Ediciones UAH"},"image":{"@id":"https:\/\/ediciones.uahurtado.cl\/#\/schema\/logo\/image\/"},"sameAs":["https:\/\/www.facebook.com\/edicionesuah?_rdc=2&_rdr"]},{"@type":"Person","@id":"https:\/\/ediciones.uahurtado.cl\/#\/schema\/person\/8748691bfd41989e2cd5bdc2a089640b","name":"Mabel Rivera","url":"https:\/\/ediciones.uahurtado.cl\/en\/author\/admmabel\/"}]}},"_links":{"self":[{"href":"https:\/\/ediciones.uahurtado.cl\/en\/wp-json\/wp\/v2\/posts\/22645","targetHints":{"allow":["GET"]}}],"collection":[{"href":"https:\/\/ediciones.uahurtado.cl\/en\/wp-json\/wp\/v2\/posts"}],"about":[{"href":"https:\/\/ediciones.uahurtado.cl\/en\/wp-json\/wp\/v2\/types\/post"}],"author":[{"embeddable":true,"href":"https:\/\/ediciones.uahurtado.cl\/en\/wp-json\/wp\/v2\/users\/2900"}],"replies":[{"embeddable":true,"href":"https:\/\/ediciones.uahurtado.cl\/en\/wp-json\/wp\/v2\/comments?post=22645"}],"version-history":[{"count":5,"href":"https:\/\/ediciones.uahurtado.cl\/en\/wp-json\/wp\/v2\/posts\/22645\/revisions"}],"predecessor-version":[{"id":23053,"href":"https:\/\/ediciones.uahurtado.cl\/en\/wp-json\/wp\/v2\/posts\/22645\/revisions\/23053"}],"wp:featuredmedia":[{"embeddable":true,"href":"https:\/\/ediciones.uahurtado.cl\/en\/wp-json\/wp\/v2\/media\/22649"}],"wp:attachment":[{"href":"https:\/\/ediciones.uahurtado.cl\/en\/wp-json\/wp\/v2\/media?parent=22645"}],"wp:term":[{"taxonomy":"category","embeddable":true,"href":"https:\/\/ediciones.uahurtado.cl\/en\/wp-json\/wp\/v2\/categories?post=22645"},{"taxonomy":"post_tag","embeddable":true,"href":"https:\/\/ediciones.uahurtado.cl\/en\/wp-json\/wp\/v2\/tags?post=22645"}],"curies":[{"name":"wp","href":"https:\/\/api.w.org\/{rel}","templated":true}]}}