{"id":22871,"date":"2025-03-07T14:33:01","date_gmt":"2025-03-07T18:33:01","guid":{"rendered":"https:\/\/ediciones.uahurtado.cl\/?p=22871"},"modified":"2025-03-07T14:33:01","modified_gmt":"2025-03-07T18:33:01","slug":"launch-of-critical-legal-theory-and-social-justice-in-the-americas","status":"publish","type":"post","link":"https:\/\/ediciones.uahurtado.cl\/en\/lanzamiento-teoria-critica-del-derecho-y-justicia-social-en-las-americas\/","title":{"rendered":"Launch | Critical Legal Theory and Social Justice in the Americas."},"content":{"rendered":"<p><span style=\"color: #00cc00;\"><strong>Thursday, March 13 \u2192 4:00 PM \u2192 Roberto Bellarmino Room. UAH Library \u2192 Alameda 1825. Downtown Santiago.<\/strong><\/span><\/p>\n<p>\u00abCritical Legal Theory and Social Justice in the Americas. Edited by Hugo Rojas Corral and Sheila Rojas Mart\u00ednez.<\/p>\n<p>Through a unique combination of theories and perspectives from law, sociology, philosophy, political science, and history, this book edited by Hugo Rojas Corral and Sheila V\u00e9lez Mart\u00ednez offers essential reflections on the contemporary challenges facing Latin American societies in their quests for greater levels of social justice.<\/p>\n<p>In a deep and multidisciplinary analysis of the role of legal-political systems in Latin America and the Caribbean, which also intertwine the Latin American critical tradition with the movement\u00a0<em>Latina and Latino Critical Legal Theory<\/em>\u00a0LatCrit<\/p>\n<p><span style=\"color: #00cc00;\"><strong>They present<\/strong><\/span><\/p>\n<p><strong>Roberto Gargarella. <\/strong>Constitutional lawyer and academic at the University of Buenos Aires.<\/p>\n<p><strong>Marianne Gonz\u00e1lez. <\/strong>Academic of the Department of Legal Sciences of the University of Chile.<\/p>\n<p><span style=\"color: #00cc00;\"><strong>\u2192 Review the book here<\/strong><\/span><\/p>\n<p><a href=\"https:\/\/ediciones.uahurtado.cl\/en\/product\/critical-theory-of-law-and-social-justice-in-the-americas\/\"><img decoding=\"async\" class=\"wp-image-22737\" title=\"Critical legal theory web\" src=\"https:\/\/ediciones.uahurtado.cl\/wp-content\/uploads\/Teoria-critica-del-derecho-web.jpg.webp\" alt=\"Critical legal theory web\" width=\"180\" height=\"276\" srcset=\"https:\/\/ediciones.uahurtado.cl\/wp-content\/uploads\/Teoria-critica-del-derecho-web.jpg 391w, https:\/\/ediciones.uahurtado.cl\/wp-content\/uploads\/Teoria-critica-del-derecho-web-320x491.jpg 320w, https:\/\/ediciones.uahurtado.cl\/wp-content\/uploads\/Teoria-critica-del-derecho-web-300x460.jpg 300w, https:\/\/ediciones.uahurtado.cl\/wp-content\/uploads\/Teoria-critica-del-derecho-web-64x98.jpg 64w\" sizes=\"(max-width: 180px) 100vw, 180px\" \/><\/a><\/p>\n<table class=\"text_block block-1\" role=\"presentation\" border=\"0\" width=\"100%\" cellspacing=\"0\" cellpadding=\"0\">\n<tbody>\n<tr>\n<td class=\"pad\" style=\"width: 737.333px;\"><\/td>\n<\/tr>\n<\/tbody>\n<\/table>","protected":false},"excerpt":{"rendered":"<p>Thursday, March 13 \u2192 4 PM \u2192 Roberto Bellarmino Room. UAH Library \u2192 Alameda 1825. Downtown Santiago. \u00abCritical Theory of Law and Social Justice in the Americas.\u00bb Edited by Hugo Rojas Corral and Sheila Rojas Mart\u00ednez. Through a unique combination of theories and perspectives from law, sociology, philosophy, science...<\/p>","protected":false},"author":2900,"featured_media":22885,"comment_status":"closed","ping_status":"closed","sticky":false,"template":"","format":"standard","meta":{"_acf_changed":false,"footnotes":""},"categories":[94],"tags":[1067,1063,1065,110],"class_list":["post-22871","post","type-post","status-publish","format-standard","has-post-thumbnail","hentry","category-lanzamientos","tag-america-latina","tag-derecho","tag-justicia-social","tag-lanzamiento"],"acf":[],"yoast_head":"<!-- This site is optimized with the Yoast SEO plugin v28.3 - https:\/\/yoast.com\/product\/yoast-seo-wordpress\/ -->\n<title>Lanzamiento | Teor\u00eda cr\u00edtica del derecho y justicia social en las Am\u00e9ricas. - Ediciones UAH<\/title>\n<meta name=\"robots\" content=\"index, follow, max-snippet:-1, max-image-preview:large, max-video-preview:-1\" \/>\n<link rel=\"canonical\" href=\"https:\/\/ediciones.uahurtado.cl\/en\/launch-of-critical-legal-theory-and-social-justice-in-the-americas\/\" \/>\n<meta property=\"og:locale\" content=\"en_US\" \/>\n<meta property=\"og:type\" content=\"article\" \/>\n<meta property=\"og:title\" content=\"Lanzamiento | Teor\u00eda cr\u00edtica del derecho y justicia social en las Am\u00e9ricas. - Ediciones UAH\" \/>\n<meta property=\"og:description\" content=\"Jueves 13 de marzo \u2192 16 horas \u2192 Sala Roberto Bellarmino. Biblioteca UAH \u2192 Alameda 1825. Santiago centro. \u00abTeor\u00eda cr\u00edtica del derecho y justicia social en las Am\u00e9ricas. Editado por Hugo Rojas Corral y Sheila Rojas Mart\u00ednez\u00bb. Atrav\u00e9s de una combinaci\u00f3n \u00fanica de teor\u00edas y perspectivas provenientes del derecho, la sociolog\u00eda, la filosof\u00eda, la ciencia...\" \/>\n<meta property=\"og:url\" content=\"https:\/\/ediciones.uahurtado.cl\/en\/launch-of-critical-legal-theory-and-social-justice-in-the-americas\/\" \/>\n<meta property=\"og:site_name\" content=\"Ediciones UAH\" \/>\n<meta property=\"article:publisher\" content=\"https:\/\/www.facebook.com\/edicionesuah?_rdc=2&amp;_rdr\" \/>\n<meta property=\"article:published_time\" content=\"2025-03-07T18:33:01+00:00\" \/>\n<meta property=\"og:image\" content=\"https:\/\/ediciones.uahurtado.cl\/wp-content\/uploads\/banner-web-lanzamiento-teoria-derecho.png\" \/>\n\t<meta property=\"og:image:width\" content=\"1640\" \/>\n\t<meta property=\"og:image:height\" content=\"924\" \/>\n\t<meta property=\"og:image:type\" content=\"image\/png\" \/>\n<meta name=\"author\" content=\"MABEL RIVERA\" \/>\n<meta name=\"twitter:card\" content=\"summary_large_image\" \/>\n<meta name=\"twitter:label1\" content=\"Written by\" \/>\n\t<meta name=\"twitter:data1\" content=\"MABEL RIVERA\" \/>\n\t<meta name=\"twitter:label2\" content=\"Est. reading time\" \/>\n\t<meta name=\"twitter:data2\" content=\"2 minutes\" \/>\n<script type=\"application\/ld+json\" class=\"yoast-schema-graph\">{\"@context\":\"https:\\\/\\\/schema.org\",\"@graph\":[{\"@type\":\"Article\",\"@id\":\"https:\\\/\\\/ediciones.uahurtado.cl\\\/lanzamiento-teoria-critica-del-derecho-y-justicia-social-en-las-americas\\\/#article\",\"isPartOf\":{\"@id\":\"https:\\\/\\\/ediciones.uahurtado.cl\\\/lanzamiento-teoria-critica-del-derecho-y-justicia-social-en-las-americas\\\/\"},\"author\":{\"name\":\"MABEL RIVERA\",\"@id\":\"https:\\\/\\\/ediciones.uahurtado.cl\\\/#\\\/schema\\\/person\\\/8748691bfd41989e2cd5bdc2a089640b\"},\"headline\":\"Lanzamiento | Teor\u00eda cr\u00edtica del derecho y justicia social en las Am\u00e9ricas.\",\"datePublished\":\"2025-03-07T18:33:01+00:00\",\"mainEntityOfPage\":{\"@id\":\"https:\\\/\\\/ediciones.uahurtado.cl\\\/lanzamiento-teoria-critica-del-derecho-y-justicia-social-en-las-americas\\\/\"},\"wordCount\":191,\"publisher\":{\"@id\":\"https:\\\/\\\/ediciones.uahurtado.cl\\\/#organization\"},\"image\":{\"@id\":\"https:\\\/\\\/ediciones.uahurtado.cl\\\/lanzamiento-teoria-critica-del-derecho-y-justicia-social-en-las-americas\\\/#primaryimage\"},\"thumbnailUrl\":\"https:\\\/\\\/ediciones.uahurtado.cl\\\/wp-content\\\/uploads\\\/banner-web-lanzamiento-teoria-derecho.png\",\"keywords\":[\"Am\u00e9rica latina\",\"derecho\",\"justicia social\",\"lanzamiento\"],\"articleSection\":[\"Lanzamientos\"],\"inLanguage\":\"en-US\"},{\"@type\":\"WebPage\",\"@id\":\"https:\\\/\\\/ediciones.uahurtado.cl\\\/lanzamiento-teoria-critica-del-derecho-y-justicia-social-en-las-americas\\\/\",\"url\":\"https:\\\/\\\/ediciones.uahurtado.cl\\\/lanzamiento-teoria-critica-del-derecho-y-justicia-social-en-las-americas\\\/\",\"name\":\"Lanzamiento | Teor\u00eda cr\u00edtica del derecho y justicia social en las Am\u00e9ricas. - Ediciones UAH\",\"isPartOf\":{\"@id\":\"https:\\\/\\\/ediciones.uahurtado.cl\\\/#website\"},\"primaryImageOfPage\":{\"@id\":\"https:\\\/\\\/ediciones.uahurtado.cl\\\/lanzamiento-teoria-critica-del-derecho-y-justicia-social-en-las-americas\\\/#primaryimage\"},\"image\":{\"@id\":\"https:\\\/\\\/ediciones.uahurtado.cl\\\/lanzamiento-teoria-critica-del-derecho-y-justicia-social-en-las-americas\\\/#primaryimage\"},\"thumbnailUrl\":\"https:\\\/\\\/ediciones.uahurtado.cl\\\/wp-content\\\/uploads\\\/banner-web-lanzamiento-teoria-derecho.png\",\"datePublished\":\"2025-03-07T18:33:01+00:00\",\"breadcrumb\":{\"@id\":\"https:\\\/\\\/ediciones.uahurtado.cl\\\/lanzamiento-teoria-critica-del-derecho-y-justicia-social-en-las-americas\\\/#breadcrumb\"},\"inLanguage\":\"en-US\",\"potentialAction\":[{\"@type\":\"ReadAction\",\"target\":[\"https:\\\/\\\/ediciones.uahurtado.cl\\\/lanzamiento-teoria-critica-del-derecho-y-justicia-social-en-las-americas\\\/\"]}]},{\"@type\":\"ImageObject\",\"inLanguage\":\"en-US\",\"@id\":\"https:\\\/\\\/ediciones.uahurtado.cl\\\/lanzamiento-teoria-critica-del-derecho-y-justicia-social-en-las-americas\\\/#primaryimage\",\"url\":\"https:\\\/\\\/ediciones.uahurtado.cl\\\/wp-content\\\/uploads\\\/banner-web-lanzamiento-teoria-derecho.png\",\"contentUrl\":\"https:\\\/\\\/ediciones.uahurtado.cl\\\/wp-content\\\/uploads\\\/banner-web-lanzamiento-teoria-derecho.png\",\"width\":1640,\"height\":924,\"caption\":\"banner web lanzamiento teoria derecho\"},{\"@type\":\"BreadcrumbList\",\"@id\":\"https:\\\/\\\/ediciones.uahurtado.cl\\\/lanzamiento-teoria-critica-del-derecho-y-justicia-social-en-las-americas\\\/#breadcrumb\",\"itemListElement\":[{\"@type\":\"ListItem\",\"position\":1,\"name\":\"Portada\",\"item\":\"https:\\\/\\\/ediciones.uahurtado.cl\\\/\"},{\"@type\":\"ListItem\",\"position\":2,\"name\":\"Lanzamiento | Teor\u00eda cr\u00edtica del derecho y justicia social en las Am\u00e9ricas.\"}]},{\"@type\":\"WebSite\",\"@id\":\"https:\\\/\\\/ediciones.uahurtado.cl\\\/#website\",\"url\":\"https:\\\/\\\/ediciones.uahurtado.cl\\\/\",\"name\":\"Ediciones UAH\",\"description\":\"Universidad Alberto Hurtado\",\"publisher\":{\"@id\":\"https:\\\/\\\/ediciones.uahurtado.cl\\\/#organization\"},\"potentialAction\":[{\"@type\":\"SearchAction\",\"target\":{\"@type\":\"EntryPoint\",\"urlTemplate\":\"https:\\\/\\\/ediciones.uahurtado.cl\\\/?s={search_term_string}\"},\"query-input\":{\"@type\":\"PropertyValueSpecification\",\"valueRequired\":true,\"valueName\":\"search_term_string\"}}],\"inLanguage\":\"en-US\"},{\"@type\":\"Organization\",\"@id\":\"https:\\\/\\\/ediciones.uahurtado.cl\\\/#organization\",\"name\":\"Ediciones UAH\",\"url\":\"https:\\\/\\\/ediciones.uahurtado.cl\\\/\",\"logo\":{\"@type\":\"ImageObject\",\"inLanguage\":\"en-US\",\"@id\":\"https:\\\/\\\/ediciones.uahurtado.cl\\\/#\\\/schema\\\/logo\\\/image\\\/\",\"url\":\"https:\\\/\\\/ediciones.uahurtado.cl\\\/wp-content\\\/uploads\\\/2022\\\/06\\\/logo-ediciones-UAH.png\",\"contentUrl\":\"https:\\\/\\\/ediciones.uahurtado.cl\\\/wp-content\\\/uploads\\\/2022\\\/06\\\/logo-ediciones-UAH.png\",\"width\":584,\"height\":128,\"caption\":\"Ediciones UAH\"},\"image\":{\"@id\":\"https:\\\/\\\/ediciones.uahurtado.cl\\\/#\\\/schema\\\/logo\\\/image\\\/\"},\"sameAs\":[\"https:\\\/\\\/www.facebook.com\\\/edicionesuah?_rdc=2&_rdr\"]},{\"@type\":\"Person\",\"@id\":\"https:\\\/\\\/ediciones.uahurtado.cl\\\/#\\\/schema\\\/person\\\/8748691bfd41989e2cd5bdc2a089640b\",\"name\":\"MABEL RIVERA\",\"url\":\"https:\\\/\\\/ediciones.uahurtado.cl\\\/en\\\/author\\\/admmabel\\\/\"}]}<\/script>\n<!-- \/ Yoast SEO plugin. -->","yoast_head_json":{"title":"Launch | Critical Legal Theory and Social Justice in the Americas. - Ediciones UAH","robots":{"index":"index","follow":"follow","max-snippet":"max-snippet:-1","max-image-preview":"max-image-preview:large","max-video-preview":"max-video-preview:-1"},"canonical":"https:\/\/ediciones.uahurtado.cl\/en\/launch-of-critical-legal-theory-and-social-justice-in-the-americas\/","og_locale":"en_US","og_type":"article","og_title":"Lanzamiento | Teor\u00eda cr\u00edtica del derecho y justicia social en las Am\u00e9ricas. - Ediciones UAH","og_description":"Jueves 13 de marzo \u2192 16 horas \u2192 Sala Roberto Bellarmino. Biblioteca UAH \u2192 Alameda 1825. Santiago centro. \u00abTeor\u00eda cr\u00edtica del derecho y justicia social en las Am\u00e9ricas. Editado por Hugo Rojas Corral y Sheila Rojas Mart\u00ednez\u00bb. Atrav\u00e9s de una combinaci\u00f3n \u00fanica de teor\u00edas y perspectivas provenientes del derecho, la sociolog\u00eda, la filosof\u00eda, la ciencia...","og_url":"https:\/\/ediciones.uahurtado.cl\/en\/launch-of-critical-legal-theory-and-social-justice-in-the-americas\/","og_site_name":"Ediciones UAH","article_publisher":"https:\/\/www.facebook.com\/edicionesuah?_rdc=2&_rdr","article_published_time":"2025-03-07T18:33:01+00:00","og_image":[{"width":1640,"height":924,"url":"https:\/\/ediciones.uahurtado.cl\/wp-content\/uploads\/banner-web-lanzamiento-teoria-derecho.png","type":"image\/png"}],"author":"MABEL RIVERA","twitter_card":"summary_large_image","twitter_misc":{"Written by":"MABEL RIVERA","Est. reading time":"2 minutes"},"schema":{"@context":"https:\/\/schema.org","@graph":[{"@type":"Article","@id":"https:\/\/ediciones.uahurtado.cl\/lanzamiento-teoria-critica-del-derecho-y-justicia-social-en-las-americas\/#article","isPartOf":{"@id":"https:\/\/ediciones.uahurtado.cl\/lanzamiento-teoria-critica-del-derecho-y-justicia-social-en-las-americas\/"},"author":{"name":"MABEL RIVERA","@id":"https:\/\/ediciones.uahurtado.cl\/#\/schema\/person\/8748691bfd41989e2cd5bdc2a089640b"},"headline":"Lanzamiento | Teor\u00eda cr\u00edtica del derecho y justicia social en las Am\u00e9ricas.","datePublished":"2025-03-07T18:33:01+00:00","mainEntityOfPage":{"@id":"https:\/\/ediciones.uahurtado.cl\/lanzamiento-teoria-critica-del-derecho-y-justicia-social-en-las-americas\/"},"wordCount":191,"publisher":{"@id":"https:\/\/ediciones.uahurtado.cl\/#organization"},"image":{"@id":"https:\/\/ediciones.uahurtado.cl\/lanzamiento-teoria-critica-del-derecho-y-justicia-social-en-las-americas\/#primaryimage"},"thumbnailUrl":"https:\/\/ediciones.uahurtado.cl\/wp-content\/uploads\/banner-web-lanzamiento-teoria-derecho.png","keywords":["Am\u00e9rica latina","derecho","justicia social","lanzamiento"],"articleSection":["Lanzamientos"],"inLanguage":"en-US"},{"@type":"WebPage","@id":"https:\/\/ediciones.uahurtado.cl\/lanzamiento-teoria-critica-del-derecho-y-justicia-social-en-las-americas\/","url":"https:\/\/ediciones.uahurtado.cl\/lanzamiento-teoria-critica-del-derecho-y-justicia-social-en-las-americas\/","name":"Launch | Critical Legal Theory and Social Justice in the Americas. - Ediciones UAH","isPartOf":{"@id":"https:\/\/ediciones.uahurtado.cl\/#website"},"primaryImageOfPage":{"@id":"https:\/\/ediciones.uahurtado.cl\/lanzamiento-teoria-critica-del-derecho-y-justicia-social-en-las-americas\/#primaryimage"},"image":{"@id":"https:\/\/ediciones.uahurtado.cl\/lanzamiento-teoria-critica-del-derecho-y-justicia-social-en-las-americas\/#primaryimage"},"thumbnailUrl":"https:\/\/ediciones.uahurtado.cl\/wp-content\/uploads\/banner-web-lanzamiento-teoria-derecho.png","datePublished":"2025-03-07T18:33:01+00:00","breadcrumb":{"@id":"https:\/\/ediciones.uahurtado.cl\/lanzamiento-teoria-critica-del-derecho-y-justicia-social-en-las-americas\/#breadcrumb"},"inLanguage":"en-US","potentialAction":[{"@type":"ReadAction","target":["https:\/\/ediciones.uahurtado.cl\/lanzamiento-teoria-critica-del-derecho-y-justicia-social-en-las-americas\/"]}]},{"@type":"ImageObject","inLanguage":"en-US","@id":"https:\/\/ediciones.uahurtado.cl\/lanzamiento-teoria-critica-del-derecho-y-justicia-social-en-las-americas\/#primaryimage","url":"https:\/\/ediciones.uahurtado.cl\/wp-content\/uploads\/banner-web-lanzamiento-teoria-derecho.png","contentUrl":"https:\/\/ediciones.uahurtado.cl\/wp-content\/uploads\/banner-web-lanzamiento-teoria-derecho.png","width":1640,"height":924,"caption":"banner web lanzamiento teoria derecho"},{"@type":"BreadcrumbList","@id":"https:\/\/ediciones.uahurtado.cl\/lanzamiento-teoria-critica-del-derecho-y-justicia-social-en-las-americas\/#breadcrumb","itemListElement":[{"@type":"ListItem","position":1,"name":"Portada","item":"https:\/\/ediciones.uahurtado.cl\/"},{"@type":"ListItem","position":2,"name":"Lanzamiento | Teor\u00eda cr\u00edtica del derecho y justicia social en las Am\u00e9ricas."}]},{"@type":"WebSite","@id":"https:\/\/ediciones.uahurtado.cl\/#website","url":"https:\/\/ediciones.uahurtado.cl\/","name":"UAH Editions","description":"Alberto Hurtado University","publisher":{"@id":"https:\/\/ediciones.uahurtado.cl\/#organization"},"potentialAction":[{"@type":"SearchAction","target":{"@type":"EntryPoint","urlTemplate":"https:\/\/ediciones.uahurtado.cl\/?s={search_term_string}"},"query-input":{"@type":"PropertyValueSpecification","valueRequired":true,"valueName":"search_term_string"}}],"inLanguage":"en-US"},{"@type":"Organization","@id":"https:\/\/ediciones.uahurtado.cl\/#organization","name":"UAH Editions","url":"https:\/\/ediciones.uahurtado.cl\/","logo":{"@type":"ImageObject","inLanguage":"en-US","@id":"https:\/\/ediciones.uahurtado.cl\/#\/schema\/logo\/image\/","url":"https:\/\/ediciones.uahurtado.cl\/wp-content\/uploads\/2022\/06\/logo-ediciones-UAH.png","contentUrl":"https:\/\/ediciones.uahurtado.cl\/wp-content\/uploads\/2022\/06\/logo-ediciones-UAH.png","width":584,"height":128,"caption":"Ediciones UAH"},"image":{"@id":"https:\/\/ediciones.uahurtado.cl\/#\/schema\/logo\/image\/"},"sameAs":["https:\/\/www.facebook.com\/edicionesuah?_rdc=2&_rdr"]},{"@type":"Person","@id":"https:\/\/ediciones.uahurtado.cl\/#\/schema\/person\/8748691bfd41989e2cd5bdc2a089640b","name":"Mabel Rivera","url":"https:\/\/ediciones.uahurtado.cl\/en\/author\/admmabel\/"}]}},"_links":{"self":[{"href":"https:\/\/ediciones.uahurtado.cl\/en\/wp-json\/wp\/v2\/posts\/22871","targetHints":{"allow":["GET"]}}],"collection":[{"href":"https:\/\/ediciones.uahurtado.cl\/en\/wp-json\/wp\/v2\/posts"}],"about":[{"href":"https:\/\/ediciones.uahurtado.cl\/en\/wp-json\/wp\/v2\/types\/post"}],"author":[{"embeddable":true,"href":"https:\/\/ediciones.uahurtado.cl\/en\/wp-json\/wp\/v2\/users\/2900"}],"replies":[{"embeddable":true,"href":"https:\/\/ediciones.uahurtado.cl\/en\/wp-json\/wp\/v2\/comments?post=22871"}],"version-history":[{"count":5,"href":"https:\/\/ediciones.uahurtado.cl\/en\/wp-json\/wp\/v2\/posts\/22871\/revisions"}],"predecessor-version":[{"id":22881,"href":"https:\/\/ediciones.uahurtado.cl\/en\/wp-json\/wp\/v2\/posts\/22871\/revisions\/22881"}],"wp:featuredmedia":[{"embeddable":true,"href":"https:\/\/ediciones.uahurtado.cl\/en\/wp-json\/wp\/v2\/media\/22885"}],"wp:attachment":[{"href":"https:\/\/ediciones.uahurtado.cl\/en\/wp-json\/wp\/v2\/media?parent=22871"}],"wp:term":[{"taxonomy":"category","embeddable":true,"href":"https:\/\/ediciones.uahurtado.cl\/en\/wp-json\/wp\/v2\/categories?post=22871"},{"taxonomy":"post_tag","embeddable":true,"href":"https:\/\/ediciones.uahurtado.cl\/en\/wp-json\/wp\/v2\/tags?post=22871"}],"curies":[{"name":"wp","href":"https:\/\/api.w.org\/{rel}","templated":true}]}}