{"id":24674,"date":"2026-04-15T15:29:42","date_gmt":"2026-04-15T19:29:42","guid":{"rendered":"https:\/\/ediciones.uahurtado.cl\/?p=24674"},"modified":"2026-04-15T16:21:29","modified_gmt":"2026-04-15T20:21:29","slug":"fairs-book-fair-uah","status":"publish","type":"post","link":"https:\/\/ediciones.uahurtado.cl\/en\/ferias-feria-dia-del-libro-uah\/","title":{"rendered":"Fairs | Book Day 2026"},"content":{"rendered":"<p><span style=\"color: #4ee620;\"><strong>Wednesday, April 22 to Thursday, April 23<\/strong><strong> \u2192 10 AM to 3 PM \u2192 CUI Patio \u2192 Patrimonial Campus Av. Bernardo O\u2019Higgins 1825. Santiago centro.<\/strong><\/span><\/p>\n<div class=\"tribe-events-single-event-description tribe-events-content\">\n<p>This year a new version of the <strong>Book Day Fair<\/strong>\u00a0 will take place at the university. During both days there will be an exhibition and sale of <strong>books,<\/strong> additionally, an open program that includes a zine workshop, artistic presentations of theater and dance, a talk, and a writing and book exchange contest.<\/p>\n<p>In addition, within the framework of the fair's activities, we invite you to participate in the <strong>contest<\/strong> <strong>\u00abYou, me, and everything else. Relationships between subjects, their environments, and their connections. <\/strong>This contest proposes exploring the multiple ways in which we connect with other people, with the spaces we inhabit, and with that which surrounds us, opening a space for reflection and creation from the everyday. The call invites the development of an artistic-literary proposal in which <strong>Image and word <\/strong>dialogues, complement each other, and need each other, shaping a work that expresses personal bonds, experiences, and perspectives.<\/p>\n<p>Works must be submitted by <strong>April 16<\/strong> to the email <strong>mgarciam@uahurtado.cl<\/strong> in Word, JPG, or PDF format, titled and signed with a pseudonym. Additionally, a separate file must be attached with the pseudonym, title of the work, and participant's details (name, RUT, and email).<\/p>\n<p>Join us and celebrate reading on our Heritage Campus!<\/p>\n<p><span style=\"color: #4ee620;\"><strong><a style=\"color: #4ee620;\" href=\"https:\/\/ediciones.uahurtado.cl\/wp-content\/uploads\/Concurso-imagenes-y-palabras.docx\" target=\"_blank\" rel=\"noopener\">Contest rounds<\/a><\/strong><\/span><\/p>\n<\/div>\n<div class=\"tribe-events tribe-common\">\n<div class=\"tribe-events-c-subscribe-dropdown__container\">\n<div class=\"tribe-events-c-subscribe-dropdown\">\n<div class=\"tribe-common-c-btn-border tribe-events-c-subscribe-dropdown__button\"><\/div>\n<\/div>\n<\/div>\n<\/div>","protected":false},"excerpt":{"rendered":"<p>Wednesday, April 22 to Thursday, April 23 \u2192 10 AM to 3 PM \u2192 CUI Patio \u2192 Campus Patrimonial Av. Bernardo O\u2019Higgins 1825. Santiago Centro. This year, a new edition of the Book Day Fair will be held at the university. During both days, there will be an exhibition and sale of books, as well as an open program that...<\/p>","protected":false},"author":2900,"featured_media":24677,"comment_status":"closed","ping_status":"closed","sticky":false,"template":"","format":"standard","meta":{"_acf_changed":false,"footnotes":""},"categories":[108],"tags":[107,1237,1091],"class_list":["post-24674","post","type-post","status-publish","format-standard","has-post-thumbnail","hentry","category-ferias","tag-dia-del-libro","tag-feria","tag-lectura"],"acf":[],"yoast_head":"<!-- This site is optimized with the Yoast SEO plugin v28.3 - https:\/\/yoast.com\/product\/yoast-seo-wordpress\/ -->\n<title>Ferias | D\u00eda del libro 2026 - Ediciones UAH<\/title>\n<meta name=\"robots\" content=\"index, follow, max-snippet:-1, max-image-preview:large, max-video-preview:-1\" \/>\n<link rel=\"canonical\" href=\"https:\/\/ediciones.uahurtado.cl\/en\/fairs-book-fair-uah\/\" \/>\n<meta property=\"og:locale\" content=\"en_US\" \/>\n<meta property=\"og:type\" content=\"article\" \/>\n<meta property=\"og:title\" content=\"Ferias | D\u00eda del libro 2026 - Ediciones UAH\" \/>\n<meta property=\"og:description\" content=\"Mi\u00e9rcoles 22 a Jueves 23 de abril \u2192 10 a 15 horas \u2192 Patio CUI \u2192 Campus Patrimonial Av. Bernardo O\u2019Higgins 1825. Santiago centro. Este a\u00f1o una nueva versi\u00f3n de la Feria del D\u00eda del Libro\u00a0 se realizar\u00e1 en la universidad. Durante ambas jornadas habr\u00e1 exhibici\u00f3n y venta de libros, adem\u00e1s una programaci\u00f3n abierta que...\" \/>\n<meta property=\"og:url\" content=\"https:\/\/ediciones.uahurtado.cl\/en\/fairs-book-fair-uah\/\" \/>\n<meta property=\"og:site_name\" content=\"Ediciones UAH\" \/>\n<meta property=\"article:publisher\" content=\"https:\/\/www.facebook.com\/edicionesuah?_rdc=2&amp;_rdr\" \/>\n<meta property=\"article:published_time\" content=\"2026-04-15T19:29:42+00:00\" \/>\n<meta property=\"article:modified_time\" content=\"2026-04-15T20:21:29+00:00\" \/>\n<meta property=\"og:image\" content=\"https:\/\/ediciones.uahurtado.cl\/wp-content\/uploads\/FERIA-DEL-LIBRO-1980x1080-1.png\" \/>\n\t<meta property=\"og:image:width\" content=\"1920\" \/>\n\t<meta property=\"og:image:height\" content=\"1080\" \/>\n\t<meta property=\"og:image:type\" content=\"image\/png\" \/>\n<meta name=\"author\" content=\"MABEL RIVERA\" \/>\n<meta name=\"twitter:card\" content=\"summary_large_image\" \/>\n<meta name=\"twitter:label1\" content=\"Written by\" \/>\n\t<meta name=\"twitter:data1\" content=\"MABEL RIVERA\" \/>\n\t<meta name=\"twitter:label2\" content=\"Est. reading time\" \/>\n\t<meta name=\"twitter:data2\" content=\"2 minutes\" \/>\n<script type=\"application\/ld+json\" class=\"yoast-schema-graph\">{\"@context\":\"https:\\\/\\\/schema.org\",\"@graph\":[{\"@type\":\"Article\",\"@id\":\"https:\\\/\\\/ediciones.uahurtado.cl\\\/ferias-feria-dia-del-libro-uah\\\/#article\",\"isPartOf\":{\"@id\":\"https:\\\/\\\/ediciones.uahurtado.cl\\\/ferias-feria-dia-del-libro-uah\\\/\"},\"author\":{\"name\":\"MABEL RIVERA\",\"@id\":\"https:\\\/\\\/ediciones.uahurtado.cl\\\/#\\\/schema\\\/person\\\/8748691bfd41989e2cd5bdc2a089640b\"},\"headline\":\"Ferias | D\u00eda del libro 2026\",\"datePublished\":\"2026-04-15T19:29:42+00:00\",\"dateModified\":\"2026-04-15T20:21:29+00:00\",\"mainEntityOfPage\":{\"@id\":\"https:\\\/\\\/ediciones.uahurtado.cl\\\/ferias-feria-dia-del-libro-uah\\\/\"},\"wordCount\":259,\"publisher\":{\"@id\":\"https:\\\/\\\/ediciones.uahurtado.cl\\\/#organization\"},\"image\":{\"@id\":\"https:\\\/\\\/ediciones.uahurtado.cl\\\/ferias-feria-dia-del-libro-uah\\\/#primaryimage\"},\"thumbnailUrl\":\"https:\\\/\\\/ediciones.uahurtado.cl\\\/wp-content\\\/uploads\\\/FERIA-DEL-LIBRO-1980x1080-1.png\",\"keywords\":[\"d\u00eda del libro\",\"Feria\",\"lectura\"],\"articleSection\":[\"Ferias\"],\"inLanguage\":\"en-US\"},{\"@type\":\"WebPage\",\"@id\":\"https:\\\/\\\/ediciones.uahurtado.cl\\\/ferias-feria-dia-del-libro-uah\\\/\",\"url\":\"https:\\\/\\\/ediciones.uahurtado.cl\\\/ferias-feria-dia-del-libro-uah\\\/\",\"name\":\"Ferias | D\u00eda del libro 2026 - Ediciones UAH\",\"isPartOf\":{\"@id\":\"https:\\\/\\\/ediciones.uahurtado.cl\\\/#website\"},\"primaryImageOfPage\":{\"@id\":\"https:\\\/\\\/ediciones.uahurtado.cl\\\/ferias-feria-dia-del-libro-uah\\\/#primaryimage\"},\"image\":{\"@id\":\"https:\\\/\\\/ediciones.uahurtado.cl\\\/ferias-feria-dia-del-libro-uah\\\/#primaryimage\"},\"thumbnailUrl\":\"https:\\\/\\\/ediciones.uahurtado.cl\\\/wp-content\\\/uploads\\\/FERIA-DEL-LIBRO-1980x1080-1.png\",\"datePublished\":\"2026-04-15T19:29:42+00:00\",\"dateModified\":\"2026-04-15T20:21:29+00:00\",\"breadcrumb\":{\"@id\":\"https:\\\/\\\/ediciones.uahurtado.cl\\\/ferias-feria-dia-del-libro-uah\\\/#breadcrumb\"},\"inLanguage\":\"en-US\",\"potentialAction\":[{\"@type\":\"ReadAction\",\"target\":[\"https:\\\/\\\/ediciones.uahurtado.cl\\\/ferias-feria-dia-del-libro-uah\\\/\"]}]},{\"@type\":\"ImageObject\",\"inLanguage\":\"en-US\",\"@id\":\"https:\\\/\\\/ediciones.uahurtado.cl\\\/ferias-feria-dia-del-libro-uah\\\/#primaryimage\",\"url\":\"https:\\\/\\\/ediciones.uahurtado.cl\\\/wp-content\\\/uploads\\\/FERIA-DEL-LIBRO-1980x1080-1.png\",\"contentUrl\":\"https:\\\/\\\/ediciones.uahurtado.cl\\\/wp-content\\\/uploads\\\/FERIA-DEL-LIBRO-1980x1080-1.png\",\"width\":1920,\"height\":1080,\"caption\":\"FERIA DEL LIBRO 1980x1080\"},{\"@type\":\"BreadcrumbList\",\"@id\":\"https:\\\/\\\/ediciones.uahurtado.cl\\\/ferias-feria-dia-del-libro-uah\\\/#breadcrumb\",\"itemListElement\":[{\"@type\":\"ListItem\",\"position\":1,\"name\":\"Portada\",\"item\":\"https:\\\/\\\/ediciones.uahurtado.cl\\\/\"},{\"@type\":\"ListItem\",\"position\":2,\"name\":\"Ferias | D\u00eda del libro 2026\"}]},{\"@type\":\"WebSite\",\"@id\":\"https:\\\/\\\/ediciones.uahurtado.cl\\\/#website\",\"url\":\"https:\\\/\\\/ediciones.uahurtado.cl\\\/\",\"name\":\"Ediciones UAH\",\"description\":\"Universidad Alberto Hurtado\",\"publisher\":{\"@id\":\"https:\\\/\\\/ediciones.uahurtado.cl\\\/#organization\"},\"potentialAction\":[{\"@type\":\"SearchAction\",\"target\":{\"@type\":\"EntryPoint\",\"urlTemplate\":\"https:\\\/\\\/ediciones.uahurtado.cl\\\/?s={search_term_string}\"},\"query-input\":{\"@type\":\"PropertyValueSpecification\",\"valueRequired\":true,\"valueName\":\"search_term_string\"}}],\"inLanguage\":\"en-US\"},{\"@type\":\"Organization\",\"@id\":\"https:\\\/\\\/ediciones.uahurtado.cl\\\/#organization\",\"name\":\"Ediciones UAH\",\"url\":\"https:\\\/\\\/ediciones.uahurtado.cl\\\/\",\"logo\":{\"@type\":\"ImageObject\",\"inLanguage\":\"en-US\",\"@id\":\"https:\\\/\\\/ediciones.uahurtado.cl\\\/#\\\/schema\\\/logo\\\/image\\\/\",\"url\":\"https:\\\/\\\/ediciones.uahurtado.cl\\\/wp-content\\\/uploads\\\/2022\\\/06\\\/logo-ediciones-UAH.png\",\"contentUrl\":\"https:\\\/\\\/ediciones.uahurtado.cl\\\/wp-content\\\/uploads\\\/2022\\\/06\\\/logo-ediciones-UAH.png\",\"width\":584,\"height\":128,\"caption\":\"Ediciones UAH\"},\"image\":{\"@id\":\"https:\\\/\\\/ediciones.uahurtado.cl\\\/#\\\/schema\\\/logo\\\/image\\\/\"},\"sameAs\":[\"https:\\\/\\\/www.facebook.com\\\/edicionesuah?_rdc=2&_rdr\"]},{\"@type\":\"Person\",\"@id\":\"https:\\\/\\\/ediciones.uahurtado.cl\\\/#\\\/schema\\\/person\\\/8748691bfd41989e2cd5bdc2a089640b\",\"name\":\"MABEL RIVERA\",\"url\":\"https:\\\/\\\/ediciones.uahurtado.cl\\\/en\\\/author\\\/admmabel\\\/\"}]}<\/script>\n<!-- \/ Yoast SEO plugin. -->","yoast_head_json":{"title":"Fairs | Book Day 2026 - UAH Editions","robots":{"index":"index","follow":"follow","max-snippet":"max-snippet:-1","max-image-preview":"max-image-preview:large","max-video-preview":"max-video-preview:-1"},"canonical":"https:\/\/ediciones.uahurtado.cl\/en\/fairs-book-fair-uah\/","og_locale":"en_US","og_type":"article","og_title":"Ferias | D\u00eda del libro 2026 - Ediciones UAH","og_description":"Mi\u00e9rcoles 22 a Jueves 23 de abril \u2192 10 a 15 horas \u2192 Patio CUI \u2192 Campus Patrimonial Av. Bernardo O\u2019Higgins 1825. Santiago centro. Este a\u00f1o una nueva versi\u00f3n de la Feria del D\u00eda del Libro\u00a0 se realizar\u00e1 en la universidad. Durante ambas jornadas habr\u00e1 exhibici\u00f3n y venta de libros, adem\u00e1s una programaci\u00f3n abierta que...","og_url":"https:\/\/ediciones.uahurtado.cl\/en\/fairs-book-fair-uah\/","og_site_name":"Ediciones UAH","article_publisher":"https:\/\/www.facebook.com\/edicionesuah?_rdc=2&_rdr","article_published_time":"2026-04-15T19:29:42+00:00","article_modified_time":"2026-04-15T20:21:29+00:00","og_image":[{"width":1920,"height":1080,"url":"https:\/\/ediciones.uahurtado.cl\/wp-content\/uploads\/FERIA-DEL-LIBRO-1980x1080-1.png","type":"image\/png"}],"author":"MABEL RIVERA","twitter_card":"summary_large_image","twitter_misc":{"Written by":"MABEL RIVERA","Est. reading time":"2 minutes"},"schema":{"@context":"https:\/\/schema.org","@graph":[{"@type":"Article","@id":"https:\/\/ediciones.uahurtado.cl\/ferias-feria-dia-del-libro-uah\/#article","isPartOf":{"@id":"https:\/\/ediciones.uahurtado.cl\/ferias-feria-dia-del-libro-uah\/"},"author":{"name":"MABEL RIVERA","@id":"https:\/\/ediciones.uahurtado.cl\/#\/schema\/person\/8748691bfd41989e2cd5bdc2a089640b"},"headline":"Ferias | D\u00eda del libro 2026","datePublished":"2026-04-15T19:29:42+00:00","dateModified":"2026-04-15T20:21:29+00:00","mainEntityOfPage":{"@id":"https:\/\/ediciones.uahurtado.cl\/ferias-feria-dia-del-libro-uah\/"},"wordCount":259,"publisher":{"@id":"https:\/\/ediciones.uahurtado.cl\/#organization"},"image":{"@id":"https:\/\/ediciones.uahurtado.cl\/ferias-feria-dia-del-libro-uah\/#primaryimage"},"thumbnailUrl":"https:\/\/ediciones.uahurtado.cl\/wp-content\/uploads\/FERIA-DEL-LIBRO-1980x1080-1.png","keywords":["d\u00eda del libro","Feria","lectura"],"articleSection":["Ferias"],"inLanguage":"en-US"},{"@type":"WebPage","@id":"https:\/\/ediciones.uahurtado.cl\/ferias-feria-dia-del-libro-uah\/","url":"https:\/\/ediciones.uahurtado.cl\/ferias-feria-dia-del-libro-uah\/","name":"Fairs | Book Day 2026 - UAH Editions","isPartOf":{"@id":"https:\/\/ediciones.uahurtado.cl\/#website"},"primaryImageOfPage":{"@id":"https:\/\/ediciones.uahurtado.cl\/ferias-feria-dia-del-libro-uah\/#primaryimage"},"image":{"@id":"https:\/\/ediciones.uahurtado.cl\/ferias-feria-dia-del-libro-uah\/#primaryimage"},"thumbnailUrl":"https:\/\/ediciones.uahurtado.cl\/wp-content\/uploads\/FERIA-DEL-LIBRO-1980x1080-1.png","datePublished":"2026-04-15T19:29:42+00:00","dateModified":"2026-04-15T20:21:29+00:00","breadcrumb":{"@id":"https:\/\/ediciones.uahurtado.cl\/ferias-feria-dia-del-libro-uah\/#breadcrumb"},"inLanguage":"en-US","potentialAction":[{"@type":"ReadAction","target":["https:\/\/ediciones.uahurtado.cl\/ferias-feria-dia-del-libro-uah\/"]}]},{"@type":"ImageObject","inLanguage":"en-US","@id":"https:\/\/ediciones.uahurtado.cl\/ferias-feria-dia-del-libro-uah\/#primaryimage","url":"https:\/\/ediciones.uahurtado.cl\/wp-content\/uploads\/FERIA-DEL-LIBRO-1980x1080-1.png","contentUrl":"https:\/\/ediciones.uahurtado.cl\/wp-content\/uploads\/FERIA-DEL-LIBRO-1980x1080-1.png","width":1920,"height":1080,"caption":"FERIA DEL LIBRO 1980x1080"},{"@type":"BreadcrumbList","@id":"https:\/\/ediciones.uahurtado.cl\/ferias-feria-dia-del-libro-uah\/#breadcrumb","itemListElement":[{"@type":"ListItem","position":1,"name":"Portada","item":"https:\/\/ediciones.uahurtado.cl\/"},{"@type":"ListItem","position":2,"name":"Ferias | D\u00eda del libro 2026"}]},{"@type":"WebSite","@id":"https:\/\/ediciones.uahurtado.cl\/#website","url":"https:\/\/ediciones.uahurtado.cl\/","name":"UAH Editions","description":"Alberto Hurtado University","publisher":{"@id":"https:\/\/ediciones.uahurtado.cl\/#organization"},"potentialAction":[{"@type":"SearchAction","target":{"@type":"EntryPoint","urlTemplate":"https:\/\/ediciones.uahurtado.cl\/?s={search_term_string}"},"query-input":{"@type":"PropertyValueSpecification","valueRequired":true,"valueName":"search_term_string"}}],"inLanguage":"en-US"},{"@type":"Organization","@id":"https:\/\/ediciones.uahurtado.cl\/#organization","name":"UAH Editions","url":"https:\/\/ediciones.uahurtado.cl\/","logo":{"@type":"ImageObject","inLanguage":"en-US","@id":"https:\/\/ediciones.uahurtado.cl\/#\/schema\/logo\/image\/","url":"https:\/\/ediciones.uahurtado.cl\/wp-content\/uploads\/2022\/06\/logo-ediciones-UAH.png","contentUrl":"https:\/\/ediciones.uahurtado.cl\/wp-content\/uploads\/2022\/06\/logo-ediciones-UAH.png","width":584,"height":128,"caption":"Ediciones UAH"},"image":{"@id":"https:\/\/ediciones.uahurtado.cl\/#\/schema\/logo\/image\/"},"sameAs":["https:\/\/www.facebook.com\/edicionesuah?_rdc=2&_rdr"]},{"@type":"Person","@id":"https:\/\/ediciones.uahurtado.cl\/#\/schema\/person\/8748691bfd41989e2cd5bdc2a089640b","name":"Mabel Rivera","url":"https:\/\/ediciones.uahurtado.cl\/en\/author\/admmabel\/"}]}},"_links":{"self":[{"href":"https:\/\/ediciones.uahurtado.cl\/en\/wp-json\/wp\/v2\/posts\/24674","targetHints":{"allow":["GET"]}}],"collection":[{"href":"https:\/\/ediciones.uahurtado.cl\/en\/wp-json\/wp\/v2\/posts"}],"about":[{"href":"https:\/\/ediciones.uahurtado.cl\/en\/wp-json\/wp\/v2\/types\/post"}],"author":[{"embeddable":true,"href":"https:\/\/ediciones.uahurtado.cl\/en\/wp-json\/wp\/v2\/users\/2900"}],"replies":[{"embeddable":true,"href":"https:\/\/ediciones.uahurtado.cl\/en\/wp-json\/wp\/v2\/comments?post=24674"}],"version-history":[{"count":9,"href":"https:\/\/ediciones.uahurtado.cl\/en\/wp-json\/wp\/v2\/posts\/24674\/revisions"}],"predecessor-version":[{"id":24686,"href":"https:\/\/ediciones.uahurtado.cl\/en\/wp-json\/wp\/v2\/posts\/24674\/revisions\/24686"}],"wp:featuredmedia":[{"embeddable":true,"href":"https:\/\/ediciones.uahurtado.cl\/en\/wp-json\/wp\/v2\/media\/24677"}],"wp:attachment":[{"href":"https:\/\/ediciones.uahurtado.cl\/en\/wp-json\/wp\/v2\/media?parent=24674"}],"wp:term":[{"taxonomy":"category","embeddable":true,"href":"https:\/\/ediciones.uahurtado.cl\/en\/wp-json\/wp\/v2\/categories?post=24674"},{"taxonomy":"post_tag","embeddable":true,"href":"https:\/\/ediciones.uahurtado.cl\/en\/wp-json\/wp\/v2\/tags?post=24674"}],"curies":[{"name":"wp","href":"https:\/\/api.w.org\/{rel}","templated":true}]}}